{"id":5806,"date":"2025-10-11T01:43:15","date_gmt":"2025-10-10T23:43:15","guid":{"rendered":"https:\/\/hevdesti.org\/?p=5806"},"modified":"2025-10-11T01:43:52","modified_gmt":"2025-10-10T23:43:52","slug":"sed-salen-pirrengiye-sedsaliya-damezrandina-bajare-qamislo","status":"publish","type":"post","link":"https:\/\/hevdesti.org\/kmr\/sed-salen-pirrengiye-sedsaliya-damezrandina-bajare-qamislo\/","title":{"rendered":"Sed Sal\u00ean Pirrengiy\u00ea: Sedsaliya damezrandina Bajar\u00ea Qami\u015flo \/ Qamishl\u00ee \/ Zal\u00een"},"content":{"rendered":"<p style=\"text-align: justify;\">Bajar\u00ea Qami\u015flo\/El-Qami\u015fl\u00ee\/Zal\u00een di 20\u00ea Tebaxa 2026an de dikeve 100 saliya xwe b\u00eeran\u00eena sedsalek ji veguher\u00een\u00ean d\u00eerok\u00ee, civak\u00ee, \u00e7and\u00ee \u00fb siyas\u00ee bi xwe re hildigire.<\/p>\n<p style=\"text-align: justify;\">Sedsaliya v\u00ee bajar\u00ee ne ten\u00ea k\u00ealiyek sembol\u00eek e, l\u00ea di heman dem\u00ea de derfetek e ji bo ji n\u00fb ve ved\u00eetina rewan \u00fb nasnameya b\u00eahempa ya baj\u00eare, Ji bo ku ni\u015ftecih\u00ean Bajar bikaribin p\u00ea\u015ferojek dadmendtir, nasraw \u00fb bi hev re bij\u00een, di heyama d\u00eeroka w\u00ea ya dir\u00eaj a pa\u015fguhkirin\u00ea \u00fb nakokiy\u00ean t\u00eakildar \u00ean ku bandor li ser tevna w\u00ea ya civak\u00ee \u00fb \u00e7and\u00ee kirine, p\u00eerozkirina sedsaliya baj\u00ear gavek e ber bi vegerandina w\u00ea ji serdem\u00ean dir\u00eaj \u00ean zordariy\u00ea \u00fb vegerandina xwed\u00eetiy\u00ea bo xelk\u00ea w\u00ea.<\/p>\n<p style=\"text-align: justify;\">Em Qami\u015flo wek\u00ee cihek\u00ee dib\u00eenin ku pirrengiya ziman\u00ee, \u00e7and\u00ee, ol\u00ee, siyas\u00ee \u00fb civak\u00ee dihew\u00eene. Ew mozay\u00eekeke civak\u00ee ye ku li her\u00eam\u00ea b\u00eahempa ye. Li vir Suryan\u00ean As\u00fbr\u00ee, Kildan\u00ee, Kurd, Ermen\u00ee, Ereb, Cih\u00fb \u00fb \u00c7erkez dijiyan. Ziman\u00ean Kurd\u00ee, Suryan\u00ee, Ereb\u00ee, \u00cebran\u00ee \u00fb Ermen\u00ee li vir bi hev re dijiyan, \u00fb ol \u00fb mezheb bi hev re dijiyan, di nav de Misilman, \u00caz\u00eed\u00ee, Xiristiyan \u00fb Cih\u00fb.<\/p>\n<p style=\"text-align: justify;\">Ev pirreng\u00ee qet ne mijarek demk\u00ee an tesaduf\u00ee b\u00fb, l\u00ea bel\u00ea bingeha avah\u00eesaziy\u00ea ya baj\u00ear \u00fb cewhera pirrengiya w\u00ea ye ku ev ner\u00een ji bo p\u00eerozkirina v\u00ea yek\u00ea ye.<\/p>\n<p style=\"text-align: justify;\">Em dixwazin ku Qam\u00ee\u015flo bibe navendek ji bo diyaloga civak\u00ee, cihek\u00ee ji bo hevd\u00eetina pirrengiya \u00e7and\u00ee \u00fb ziman\u00ee, modelek ji bo dadmend\u00ee \u00fb hem\u00fbparvekirin\u00ea, \u00fb laboratoreke zind\u00ee ku n\u00ee\u015fan dide ku jiyana hevbe\u015f ne xewnek d\u00fbr e, l\u00ea prat\u00eekek rojane ya gengaz e. Em dixwazin ku ew bibe bajarek\u00ee dost\u00ea j\u00eengeh\u00ea, pi\u015ft\u00ee sal\u00ean \u015fer \u00fb pa\u015fguhkirin\u00ea t\u00eakiliya xwe bi av, ax \u00fb hewaya xwe re sererast bike. Bajarek\u00ee paqij \u00fb kesk ku r\u00fbmeta jiyan\u00ea dixe navenda p\u00ea\u015f\u00eeniy\u00ean xwe.<\/p>\n<p style=\"text-align: justify;\">Sedsaliya Qami\u015flo\/Qami\u015fl\u00ee\/Zal\u00een derfetek e ji bo ji n\u00fb ve avakirina vegotineke kolekt\u00eef a pirdeng ku r\u00eazgirtina ji bo hem\u00ee p\u00eakhatey\u00ean xwe b\u00ea d\u00fbrxistin\u00ea vediger\u00eene \u00fb rola xwe wek\u00ee pirek di navbera rabird\u00fbyeke dewlemend, nihayeke zind\u00ee \u00fb p\u00ea\u015ferojeke sozdar de ji n\u00fb ve bi dest dixe.<\/p>\n<p style=\"text-align: justify;\">Ev ner\u00een xwed\u00eederketina kolekt\u00eef a baj\u00ear pi\u015ftrast dike \u00fb bang li kur \u00fb ke\u00e7\u00ean w\u00ea, hem li wel\u00eat \u00fb hem j\u00ee li dervey\u00ee wel\u00eat, herwiha hem\u00ee ev\u00eendar \u00fb ni\u015ftecih\u00ean Qani\u015flo dike ku p\u00eerozbahiya v\u00ea sedsal\u00ea veguher\u00eenin tevgereke \u00e7and\u00ee \u00fb civak\u00ee ya berfireh ku r\u00eazgirtin\u00ea ji bo hem\u00ee \u00e7and\u00ean v\u00ee bajar\u00ee vediger\u00eene.<\/p>\n<p style=\"text-align: justify;\">Serkeftina p\u00eerozbahiya sedsaliya Qam\u00ee\u015flo bi asta be\u015fdariya gel ve gir\u00eaday\u00ee ye. Ji ber v\u00ea yek\u00ea, em bang li her kes\u00ee dikin &#8211; kes, saziy\u00ean siv\u00eel, siyas\u00ee, civak\u00ee \u00fb ol\u00ee, hem ferm\u00ee \u00fb hem j\u00ee neferm\u00ee \u2013 ku bi awayek\u00ee kesane an j\u00ee bi hev re be\u015fdar bibin.<\/p>\n<p>&nbsp;<\/p>\n<hr \/>\n<p>&nbsp;<\/p>\n<ul>\n<li class=\"selectable-text copyable-text x15bjb6t x1n2onr6\"><a href=\"https:\/\/hevdesti.org\/wp-content\/uploads\/2025\/10\/Century-of-Diversity-KU.pdf\" target=\"_blank\" rel=\"noopener\"><span class=\"selectable-text copyable-text xkrh14z\">Daxuyaniy\u00ea bi Kurd\u00ee bixw\u00eene.<\/span><\/a><\/li>\n<li class=\"selectable-text copyable-text x15bjb6t x1n2onr6\"><a href=\"https:\/\/hevdesti.org\/wp-content\/uploads\/2025\/10\/Century-of-Diversity-AR.pdf\" target=\"_blank\" rel=\"noopener\"><span class=\"selectable-text copyable-text xkrh14z\">Daxuyaniy\u00ea bi Ereb\u00ee bixw\u00eene.<\/span><\/a><\/li>\n<li class=\"selectable-text copyable-text x15bjb6t x1n2onr6\"><a href=\"https:\/\/hevdesti.org\/wp-content\/uploads\/2025\/10\/Century-of-Diversity-EN.pdf\" target=\"_blank\" rel=\"noopener\"><span class=\"selectable-text copyable-text xkrh14z\">Daxuyaniy\u00ea bi Ingil\u00eez\u00ee bixw\u00eene.<\/span><\/a><\/li>\n<li class=\"selectable-text copyable-text x15bjb6t x1n2onr6\"><a href=\"https:\/\/hevdesti.org\/wp-content\/uploads\/2025\/10\/Century-of-Diversity-SY.pdf\" target=\"_blank\" rel=\"noopener\"><span class=\"selectable-text copyable-text xkrh14z\">Daxuyaniy\u00ea bi Siryan\u00ee bixw\u00eene.<\/span><\/a><\/li>\n<\/ul>\n<p>&nbsp;<\/p>\n<p style=\"text-align: justify;\"><strong>R\u00eaxistin\u00ean \u00eemze kirin\u00ea<\/strong><\/p>\n<p style=\"text-align: justify;\">1- Komeleya \u00c7and\u00ee ya Suryan\u00ee li S\u00fbriyey\u00ea<\/p>\n<p style=\"text-align: justify;\">2- Komeleya Keziy\u00ean Kesk a Jingeh\u00ee<\/p>\n<p style=\"text-align: justify;\">3- Komeleya \u015eaw\u00ea\u015fka<\/p>\n<p style=\"text-align: justify;\">4- Komeleya War\u015f\u00een ya j\u00eengeh\u00ee<\/p>\n<p style=\"text-align: justify;\">5- Kombenda Hevdest\u00ee ji bo Qurbaniyan<\/p>\n<p style=\"text-align: justify;\">6- Navenda Aso ya \u015e\u00eawirmend\u00ee \u00fb L\u00eakol\u00een\u00ean Stratej\u00eek<\/p>\n<p style=\"text-align: justify;\">7- \u00cens\u00eeyat\u00eef\u00ean Jinan<\/p>\n<p style=\"text-align: justify;\">8- Ron\u00ee Peywend<\/p>\n<p style=\"text-align: justify;\">9- R\u00eaxistina Art\u00eest ji bo \u00c7and \u00fb ge\u015fep\u00eadan\u00ea<\/p>\n<p style=\"text-align: justify;\">10- R\u00eaxistina A\u015ft\u00ee<\/p>\n<p style=\"text-align: justify;\">11- R\u00eaxistina P\u00caL- Civil Waves<\/p>\n<p style=\"text-align: justify;\">12- R\u00eaxistina D\u00eemos<\/p>\n<p style=\"text-align: justify;\">13- R\u00eaxistina HDC<\/p>\n<p style=\"text-align: justify;\">14- R\u00eaxistina Malva ji bo Huner \u00fb \u00c7and\u00ea<\/p>\n<p style=\"text-align: justify;\">15- R\u00eaxistina Nextep<\/p>\n<p style=\"text-align: justify;\">16- R\u00eaxistina Smart ji bo P\u00ea\u015fxistina Civak\u00ea<\/p>\n<p style=\"text-align: justify;\">17- R\u00eaxistina S\u00fbriy\u00ea ji bo Rast\u00ee \u00fb Dadmendiy\u00ea<\/p>\n<p style=\"text-align: justify;\">18- R\u00eaxistina \u015ear ji bo P\u00ea\u015fkeftin\u00ea<\/p>\n<p style=\"text-align: justify;\">19- R\u00eaxistina Tedmirto ji bo ge\u015fep\u00eadan \u00fb Hevgirtina Civak\u00ee<\/p>\n<p style=\"text-align: justify;\">20- R\u00eaxistina White Hope<\/p>\n","protected":false},"excerpt":{"rendered":"<p>Bajar\u00ea Qami\u015flo\/El-Qami\u015fl\u00ee\/Zal\u00een di 20\u00ea Tebaxa 2026an de dikeve 100 saliya xwe b\u00eeran\u00eena sedsalek ji veguher\u00een\u00ean d\u00eerok\u00ee, civak\u00ee, \u00e7and\u00ee \u00fb siyas\u00ee bi xwe re hildigire. Sedsaliya v\u00ee bajar\u00ee ne ten\u00ea k\u00ealiyek&hellip;<\/p>\n","protected":false},"author":3,"featured_media":5797,"comment_status":"open","ping_status":"open","sticky":false,"template":"","format":"link","meta":{"_lmt_disableupdate":"no","_lmt_disable":"","footnotes":""},"categories":[198],"tags":[],"class_list":["post-5806","post","type-post","status-publish","format-link","has-post-thumbnail","hentry","category-daxuyani","post_format-post-format-link"],"yoast_head":"<!-- This site is optimized with the Yoast SEO plugin v27.0 - https:\/\/yoast.com\/product\/yoast-seo-wordpress\/ -->\n<title>Sed Sal\u00ean Pirrengiy\u00ea: Sedsaliya damezrandina Bajar\u00ea Qami\u015flo \/ Qamishl\u00ee \/ Zal\u00een - Hevdesti<\/title>\n<meta name=\"robots\" content=\"index, follow, max-snippet:-1, max-image-preview:large, max-video-preview:-1\" \/>\n<link rel=\"canonical\" href=\"https:\/\/hevdesti.org\/kmr\/sed-salen-pirrengiye-sedsaliya-damezrandina-bajare-qamislo\/\" \/>\n<meta property=\"og:locale\" content=\"en_US\" \/>\n<meta property=\"og:type\" content=\"article\" \/>\n<meta property=\"og:title\" content=\"Sed Sal\u00ean Pirrengiy\u00ea: Sedsaliya damezrandina Bajar\u00ea Qami\u015flo \/ Qamishl\u00ee \/ Zal\u00een - Hevdesti\" \/>\n<meta property=\"og:description\" content=\"Bajar\u00ea Qami\u015flo\/El-Qami\u015fl\u00ee\/Zal\u00een di 20\u00ea Tebaxa 2026an de dikeve 100 saliya xwe b\u00eeran\u00eena sedsalek ji veguher\u00een\u00ean d\u00eerok\u00ee, civak\u00ee, \u00e7and\u00ee \u00fb siyas\u00ee bi xwe re hildigire. Sedsaliya v\u00ee bajar\u00ee ne ten\u00ea k\u00ealiyek&hellip;\" \/>\n<meta property=\"og:url\" content=\"https:\/\/hevdesti.org\/kmr\/sed-salen-pirrengiye-sedsaliya-damezrandina-bajare-qamislo\/\" \/>\n<meta property=\"og:site_name\" content=\"Hevdesti\" \/>\n<meta property=\"article:publisher\" content=\"https:\/\/www.facebook.com\/HevdestiSynergy\" \/>\n<meta property=\"article:published_time\" content=\"2025-10-10T23:43:15+00:00\" \/>\n<meta property=\"article:modified_time\" content=\"2025-10-10T23:43:52+00:00\" \/>\n<meta property=\"og:image\" content=\"https:\/\/hevdesti.org\/wp-content\/uploads\/2025\/10\/Cover11102025.png\" \/>\n\t<meta property=\"og:image:width\" content=\"1472\" \/>\n\t<meta property=\"og:image:height\" content=\"832\" \/>\n\t<meta property=\"og:image:type\" content=\"image\/png\" \/>\n<meta name=\"author\" content=\"editor\" \/>\n<meta name=\"twitter:card\" content=\"summary_large_image\" \/>\n<meta name=\"twitter:creator\" content=\"@HevdestiSynergy\" \/>\n<meta name=\"twitter:site\" content=\"@HevdestiSynergy\" \/>\n<meta name=\"twitter:label1\" content=\"Written by\" \/>\n\t<meta name=\"twitter:data1\" content=\"editor\" \/>\n\t<meta name=\"twitter:label2\" content=\"Est. reading time\" \/>\n\t<meta name=\"twitter:data2\" content=\"3 minutes\" \/>\n<script type=\"application\/ld+json\" class=\"yoast-schema-graph\">{\"@context\":\"https:\/\/schema.org\",\"@graph\":[{\"@type\":\"Article\",\"@id\":\"https:\/\/hevdesti.org\/kmr\/sed-salen-pirrengiye-sedsaliya-damezrandina-bajare-qamislo\/#article\",\"isPartOf\":{\"@id\":\"https:\/\/hevdesti.org\/kmr\/sed-salen-pirrengiye-sedsaliya-damezrandina-bajare-qamislo\/\"},\"author\":{\"name\":\"editor\",\"@id\":\"https:\/\/hevdesti.org\/en\/#\/schema\/person\/9cbcb77ecdaf428d5e7b6373fad46a58\"},\"headline\":\"Sed Sal\u00ean Pirrengiy\u00ea: Sedsaliya damezrandina Bajar\u00ea Qami\u015flo \/ Qamishl\u00ee \/ Zal\u00een\",\"datePublished\":\"2025-10-10T23:43:15+00:00\",\"dateModified\":\"2025-10-10T23:43:52+00:00\",\"mainEntityOfPage\":{\"@id\":\"https:\/\/hevdesti.org\/kmr\/sed-salen-pirrengiye-sedsaliya-damezrandina-bajare-qamislo\/\"},\"wordCount\":664,\"commentCount\":0,\"publisher\":{\"@id\":\"https:\/\/hevdesti.org\/en\/#organization\"},\"image\":{\"@id\":\"https:\/\/hevdesti.org\/kmr\/sed-salen-pirrengiye-sedsaliya-damezrandina-bajare-qamislo\/#primaryimage\"},\"thumbnailUrl\":\"https:\/\/hevdesti.org\/wp-content\/uploads\/2025\/10\/Cover11102025.png\",\"articleSection\":[\"Daxuyan\u00ee\"],\"inLanguage\":\"kmr\",\"potentialAction\":[{\"@type\":\"CommentAction\",\"name\":\"Comment\",\"target\":[\"https:\/\/hevdesti.org\/kmr\/sed-salen-pirrengiye-sedsaliya-damezrandina-bajare-qamislo\/#respond\"]}]},{\"@type\":\"WebPage\",\"@id\":\"https:\/\/hevdesti.org\/kmr\/sed-salen-pirrengiye-sedsaliya-damezrandina-bajare-qamislo\/\",\"url\":\"https:\/\/hevdesti.org\/kmr\/sed-salen-pirrengiye-sedsaliya-damezrandina-bajare-qamislo\/\",\"name\":\"Sed Sal\u00ean Pirrengiy\u00ea: Sedsaliya damezrandina Bajar\u00ea Qami\u015flo \/ Qamishl\u00ee \/ Zal\u00een - Hevdesti\",\"isPartOf\":{\"@id\":\"https:\/\/hevdesti.org\/en\/#website\"},\"primaryImageOfPage\":{\"@id\":\"https:\/\/hevdesti.org\/kmr\/sed-salen-pirrengiye-sedsaliya-damezrandina-bajare-qamislo\/#primaryimage\"},\"image\":{\"@id\":\"https:\/\/hevdesti.org\/kmr\/sed-salen-pirrengiye-sedsaliya-damezrandina-bajare-qamislo\/#primaryimage\"},\"thumbnailUrl\":\"https:\/\/hevdesti.org\/wp-content\/uploads\/2025\/10\/Cover11102025.png\",\"datePublished\":\"2025-10-10T23:43:15+00:00\",\"dateModified\":\"2025-10-10T23:43:52+00:00\",\"breadcrumb\":{\"@id\":\"https:\/\/hevdesti.org\/kmr\/sed-salen-pirrengiye-sedsaliya-damezrandina-bajare-qamislo\/#breadcrumb\"},\"inLanguage\":\"kmr\",\"potentialAction\":[{\"@type\":\"ReadAction\",\"target\":[\"https:\/\/hevdesti.org\/kmr\/sed-salen-pirrengiye-sedsaliya-damezrandina-bajare-qamislo\/\"]}]},{\"@type\":\"ImageObject\",\"inLanguage\":\"kmr\",\"@id\":\"https:\/\/hevdesti.org\/kmr\/sed-salen-pirrengiye-sedsaliya-damezrandina-bajare-qamislo\/#primaryimage\",\"url\":\"https:\/\/hevdesti.org\/wp-content\/uploads\/2025\/10\/Cover11102025.png\",\"contentUrl\":\"https:\/\/hevdesti.org\/wp-content\/uploads\/2025\/10\/Cover11102025.png\",\"width\":1472,\"height\":832},{\"@type\":\"BreadcrumbList\",\"@id\":\"https:\/\/hevdesti.org\/kmr\/sed-salen-pirrengiye-sedsaliya-damezrandina-bajare-qamislo\/#breadcrumb\",\"itemListElement\":[{\"@type\":\"ListItem\",\"position\":1,\"name\":\"Home\",\"item\":\"https:\/\/hevdesti.org\/en\/\"},{\"@type\":\"ListItem\",\"position\":2,\"name\":\"Sed Sal\u00ean Pirrengiy\u00ea: Sedsaliya damezrandina Bajar\u00ea Qami\u015flo \/ Qamishl\u00ee \/ Zal\u00een\"}]},{\"@type\":\"WebSite\",\"@id\":\"https:\/\/hevdesti.org\/en\/#website\",\"url\":\"https:\/\/hevdesti.org\/en\/\",\"name\":\"Hevdesti\",\"description\":\"\",\"publisher\":{\"@id\":\"https:\/\/hevdesti.org\/en\/#organization\"},\"potentialAction\":[{\"@type\":\"SearchAction\",\"target\":{\"@type\":\"EntryPoint\",\"urlTemplate\":\"https:\/\/hevdesti.org\/en\/?s={search_term_string}\"},\"query-input\":{\"@type\":\"PropertyValueSpecification\",\"valueRequired\":true,\"valueName\":\"search_term_string\"}}],\"inLanguage\":\"kmr\"},{\"@type\":\"Organization\",\"@id\":\"https:\/\/hevdesti.org\/en\/#organization\",\"name\":\"Hevdesti\",\"url\":\"https:\/\/hevdesti.org\/en\/\",\"logo\":{\"@type\":\"ImageObject\",\"inLanguage\":\"kmr\",\"@id\":\"https:\/\/hevdesti.org\/en\/#\/schema\/logo\/image\/\",\"url\":\"https:\/\/hevdesti.org\/wp-content\/uploads\/2020\/09\/Logo@2x-1.png\",\"contentUrl\":\"https:\/\/hevdesti.org\/wp-content\/uploads\/2020\/09\/Logo@2x-1.png\",\"width\":641,\"height\":146,\"caption\":\"Hevdesti\"},\"image\":{\"@id\":\"https:\/\/hevdesti.org\/en\/#\/schema\/logo\/image\/\"},\"sameAs\":[\"https:\/\/www.facebook.com\/HevdestiSynergy\",\"https:\/\/x.com\/HevdestiSynergy\"]},{\"@type\":\"Person\",\"@id\":\"https:\/\/hevdesti.org\/en\/#\/schema\/person\/9cbcb77ecdaf428d5e7b6373fad46a58\",\"name\":\"editor\",\"image\":{\"@type\":\"ImageObject\",\"inLanguage\":\"kmr\",\"@id\":\"https:\/\/hevdesti.org\/en\/#\/schema\/person\/image\/\",\"url\":\"https:\/\/secure.gravatar.com\/avatar\/1aeee99cd34663cae27d2b8326e59ae9390964112a86514f631eb3e5b17944a7?s=96&d=mm&r=g\",\"contentUrl\":\"https:\/\/secure.gravatar.com\/avatar\/1aeee99cd34663cae27d2b8326e59ae9390964112a86514f631eb3e5b17944a7?s=96&d=mm&r=g\",\"caption\":\"editor\"}}]}<\/script>\n<!-- \/ Yoast SEO plugin. -->","yoast_head_json":{"title":"Sed Sal\u00ean Pirrengiy\u00ea: Sedsaliya damezrandina Bajar\u00ea Qami\u015flo \/ Qamishl\u00ee \/ Zal\u00een - Hevdesti","robots":{"index":"index","follow":"follow","max-snippet":"max-snippet:-1","max-image-preview":"max-image-preview:large","max-video-preview":"max-video-preview:-1"},"canonical":"https:\/\/hevdesti.org\/kmr\/sed-salen-pirrengiye-sedsaliya-damezrandina-bajare-qamislo\/","og_locale":"en_US","og_type":"article","og_title":"Sed Sal\u00ean Pirrengiy\u00ea: Sedsaliya damezrandina Bajar\u00ea Qami\u015flo \/ Qamishl\u00ee \/ Zal\u00een - Hevdesti","og_description":"Bajar\u00ea Qami\u015flo\/El-Qami\u015fl\u00ee\/Zal\u00een di 20\u00ea Tebaxa 2026an de dikeve 100 saliya xwe b\u00eeran\u00eena sedsalek ji veguher\u00een\u00ean d\u00eerok\u00ee, civak\u00ee, \u00e7and\u00ee \u00fb siyas\u00ee bi xwe re hildigire. Sedsaliya v\u00ee bajar\u00ee ne ten\u00ea k\u00ealiyek&hellip;","og_url":"https:\/\/hevdesti.org\/kmr\/sed-salen-pirrengiye-sedsaliya-damezrandina-bajare-qamislo\/","og_site_name":"Hevdesti","article_publisher":"https:\/\/www.facebook.com\/HevdestiSynergy","article_published_time":"2025-10-10T23:43:15+00:00","article_modified_time":"2025-10-10T23:43:52+00:00","og_image":[{"width":1472,"height":832,"url":"https:\/\/hevdesti.org\/wp-content\/uploads\/2025\/10\/Cover11102025.png","type":"image\/png"}],"author":"editor","twitter_card":"summary_large_image","twitter_creator":"@HevdestiSynergy","twitter_site":"@HevdestiSynergy","twitter_misc":{"Written by":"editor","Est. reading time":"3 minutes"},"schema":{"@context":"https:\/\/schema.org","@graph":[{"@type":"Article","@id":"https:\/\/hevdesti.org\/kmr\/sed-salen-pirrengiye-sedsaliya-damezrandina-bajare-qamislo\/#article","isPartOf":{"@id":"https:\/\/hevdesti.org\/kmr\/sed-salen-pirrengiye-sedsaliya-damezrandina-bajare-qamislo\/"},"author":{"name":"editor","@id":"https:\/\/hevdesti.org\/en\/#\/schema\/person\/9cbcb77ecdaf428d5e7b6373fad46a58"},"headline":"Sed Sal\u00ean Pirrengiy\u00ea: Sedsaliya damezrandina Bajar\u00ea Qami\u015flo \/ Qamishl\u00ee \/ Zal\u00een","datePublished":"2025-10-10T23:43:15+00:00","dateModified":"2025-10-10T23:43:52+00:00","mainEntityOfPage":{"@id":"https:\/\/hevdesti.org\/kmr\/sed-salen-pirrengiye-sedsaliya-damezrandina-bajare-qamislo\/"},"wordCount":664,"commentCount":0,"publisher":{"@id":"https:\/\/hevdesti.org\/en\/#organization"},"image":{"@id":"https:\/\/hevdesti.org\/kmr\/sed-salen-pirrengiye-sedsaliya-damezrandina-bajare-qamislo\/#primaryimage"},"thumbnailUrl":"https:\/\/hevdesti.org\/wp-content\/uploads\/2025\/10\/Cover11102025.png","articleSection":["Daxuyan\u00ee"],"inLanguage":"kmr","potentialAction":[{"@type":"CommentAction","name":"Comment","target":["https:\/\/hevdesti.org\/kmr\/sed-salen-pirrengiye-sedsaliya-damezrandina-bajare-qamislo\/#respond"]}]},{"@type":"WebPage","@id":"https:\/\/hevdesti.org\/kmr\/sed-salen-pirrengiye-sedsaliya-damezrandina-bajare-qamislo\/","url":"https:\/\/hevdesti.org\/kmr\/sed-salen-pirrengiye-sedsaliya-damezrandina-bajare-qamislo\/","name":"Sed Sal\u00ean Pirrengiy\u00ea: Sedsaliya damezrandina Bajar\u00ea Qami\u015flo \/ Qamishl\u00ee \/ Zal\u00een - Hevdesti","isPartOf":{"@id":"https:\/\/hevdesti.org\/en\/#website"},"primaryImageOfPage":{"@id":"https:\/\/hevdesti.org\/kmr\/sed-salen-pirrengiye-sedsaliya-damezrandina-bajare-qamislo\/#primaryimage"},"image":{"@id":"https:\/\/hevdesti.org\/kmr\/sed-salen-pirrengiye-sedsaliya-damezrandina-bajare-qamislo\/#primaryimage"},"thumbnailUrl":"https:\/\/hevdesti.org\/wp-content\/uploads\/2025\/10\/Cover11102025.png","datePublished":"2025-10-10T23:43:15+00:00","dateModified":"2025-10-10T23:43:52+00:00","breadcrumb":{"@id":"https:\/\/hevdesti.org\/kmr\/sed-salen-pirrengiye-sedsaliya-damezrandina-bajare-qamislo\/#breadcrumb"},"inLanguage":"kmr","potentialAction":[{"@type":"ReadAction","target":["https:\/\/hevdesti.org\/kmr\/sed-salen-pirrengiye-sedsaliya-damezrandina-bajare-qamislo\/"]}]},{"@type":"ImageObject","inLanguage":"kmr","@id":"https:\/\/hevdesti.org\/kmr\/sed-salen-pirrengiye-sedsaliya-damezrandina-bajare-qamislo\/#primaryimage","url":"https:\/\/hevdesti.org\/wp-content\/uploads\/2025\/10\/Cover11102025.png","contentUrl":"https:\/\/hevdesti.org\/wp-content\/uploads\/2025\/10\/Cover11102025.png","width":1472,"height":832},{"@type":"BreadcrumbList","@id":"https:\/\/hevdesti.org\/kmr\/sed-salen-pirrengiye-sedsaliya-damezrandina-bajare-qamislo\/#breadcrumb","itemListElement":[{"@type":"ListItem","position":1,"name":"Home","item":"https:\/\/hevdesti.org\/en\/"},{"@type":"ListItem","position":2,"name":"Sed Sal\u00ean Pirrengiy\u00ea: Sedsaliya damezrandina Bajar\u00ea Qami\u015flo \/ Qamishl\u00ee \/ Zal\u00een"}]},{"@type":"WebSite","@id":"https:\/\/hevdesti.org\/en\/#website","url":"https:\/\/hevdesti.org\/en\/","name":"Hevdesti","description":"","publisher":{"@id":"https:\/\/hevdesti.org\/en\/#organization"},"potentialAction":[{"@type":"SearchAction","target":{"@type":"EntryPoint","urlTemplate":"https:\/\/hevdesti.org\/en\/?s={search_term_string}"},"query-input":{"@type":"PropertyValueSpecification","valueRequired":true,"valueName":"search_term_string"}}],"inLanguage":"kmr"},{"@type":"Organization","@id":"https:\/\/hevdesti.org\/en\/#organization","name":"Hevdesti","url":"https:\/\/hevdesti.org\/en\/","logo":{"@type":"ImageObject","inLanguage":"kmr","@id":"https:\/\/hevdesti.org\/en\/#\/schema\/logo\/image\/","url":"https:\/\/hevdesti.org\/wp-content\/uploads\/2020\/09\/Logo@2x-1.png","contentUrl":"https:\/\/hevdesti.org\/wp-content\/uploads\/2020\/09\/Logo@2x-1.png","width":641,"height":146,"caption":"Hevdesti"},"image":{"@id":"https:\/\/hevdesti.org\/en\/#\/schema\/logo\/image\/"},"sameAs":["https:\/\/www.facebook.com\/HevdestiSynergy","https:\/\/x.com\/HevdestiSynergy"]},{"@type":"Person","@id":"https:\/\/hevdesti.org\/en\/#\/schema\/person\/9cbcb77ecdaf428d5e7b6373fad46a58","name":"editor","image":{"@type":"ImageObject","inLanguage":"kmr","@id":"https:\/\/hevdesti.org\/en\/#\/schema\/person\/image\/","url":"https:\/\/secure.gravatar.com\/avatar\/1aeee99cd34663cae27d2b8326e59ae9390964112a86514f631eb3e5b17944a7?s=96&d=mm&r=g","contentUrl":"https:\/\/secure.gravatar.com\/avatar\/1aeee99cd34663cae27d2b8326e59ae9390964112a86514f631eb3e5b17944a7?s=96&d=mm&r=g","caption":"editor"}}]}},"_links":{"self":[{"href":"https:\/\/hevdesti.org\/kmr\/wp-json\/wp\/v2\/posts\/5806","targetHints":{"allow":["GET"]}}],"collection":[{"href":"https:\/\/hevdesti.org\/kmr\/wp-json\/wp\/v2\/posts"}],"about":[{"href":"https:\/\/hevdesti.org\/kmr\/wp-json\/wp\/v2\/types\/post"}],"author":[{"embeddable":true,"href":"https:\/\/hevdesti.org\/kmr\/wp-json\/wp\/v2\/users\/3"}],"replies":[{"embeddable":true,"href":"https:\/\/hevdesti.org\/kmr\/wp-json\/wp\/v2\/comments?post=5806"}],"version-history":[{"count":2,"href":"https:\/\/hevdesti.org\/kmr\/wp-json\/wp\/v2\/posts\/5806\/revisions"}],"predecessor-version":[{"id":5808,"href":"https:\/\/hevdesti.org\/kmr\/wp-json\/wp\/v2\/posts\/5806\/revisions\/5808"}],"wp:featuredmedia":[{"embeddable":true,"href":"https:\/\/hevdesti.org\/kmr\/wp-json\/wp\/v2\/media\/5797"}],"wp:attachment":[{"href":"https:\/\/hevdesti.org\/kmr\/wp-json\/wp\/v2\/media?parent=5806"}],"wp:term":[{"taxonomy":"category","embeddable":true,"href":"https:\/\/hevdesti.org\/kmr\/wp-json\/wp\/v2\/categories?post=5806"},{"taxonomy":"post_tag","embeddable":true,"href":"https:\/\/hevdesti.org\/kmr\/wp-json\/wp\/v2\/tags?post=5806"}],"curies":[{"name":"wp","href":"https:\/\/api.w.org\/{rel}","templated":true}]}}