{"id":5500,"date":"2025-08-07T23:42:24","date_gmt":"2025-08-07T21:42:24","guid":{"rendered":"https:\/\/hevdesti.org\/?p=5500"},"modified":"2025-08-07T23:42:24","modified_gmt":"2025-08-07T21:42:24","slug":"tegihistina-gisti-ya-kare-komeleyen-qurbaniyan-li-suriye-hejmara-6an","status":"publish","type":"post","link":"https:\/\/hevdesti.org\/kmr\/tegihistina-gisti-ya-kare-komeleyen-qurbaniyan-li-suriye-hejmara-6an\/","title":{"rendered":"T\u00eagihi\u015ftina Gi\u015ft\u00ee ya kar\u00ea Komeley\u00ean Qurbaniyan Li S\u00fbriy\u00ea \u2013 Hejmara 6an"},"content":{"rendered":"<p class=\"selectable-text copyable-text x15bjb6t x1n2onr6\" dir=\"ltr\"><span class=\"selectable-text copyable-text xkrh14z\">Bi destp\u00eakirina qonaxa derbasb\u00fbn\u00ea li S\u00fbriy\u00ea pi\u015ft\u00ee r\u00fbx\u00eena r\u00eaj\u00eema Esed re, mijara kes\u00ean windab\u00fby\u00ee pi\u015ft\u00ee sal\u00ean zordar\u00ee \u00fb t\u00fbjiy\u00ea, \u00fb pa\u015fguhkirina bi zaneb\u00fbn derbas\u00ee qonaxeke n\u00fb b\u00fb. Ev mijar b\u00fbye yek ji mijar\u00ean lezg\u00een \u00ean di rojeva Disthilata demk\u00ee de, ku ji bo naskirina maf\u00ean qurban\u00ee \u00fb malbat\u00ean wan dest bi p\u00eangav\u00ean destp\u00eak\u00ea kiriye, bi ragihandina avakirina avahiy\u00ean netewey\u00ee y\u00ean pispor, hin komeley\u00ean qurban\u00ee tevl\u00ee pol\u00eet\u00eekay\u00ean \u00e7e\u015fnandina rastiyan \u00fb p\u00eakan\u00eena dadmendiy\u00ea b\u00fbne.<\/span><\/p>\n<p class=\"selectable-text copyable-text x15bjb6t x1n2onr6\" dir=\"ltr\"><span class=\"selectable-text copyable-text xkrh14z\">Di v\u00ea qonax\u00ea de Komeley\u00ean q\u00fbrbaniyan hewl didin ku binp\u00eakirinan belge bikin \u00fb n\u00fbnertiya deng\u00ean qurbaniyan di komciv\u00een\u00ean netewey\u00ee \u00fb navnetewey\u00ee de p\u00eak b\u00eenin, Ew ber bi navkirina prens\u00eep\u00ean dadmendiya veguh\u00eaz ve dime\u015fe, ber\u00ee her ti\u015ft\u00ee maf\u00ea rast\u00ee \u00fb l\u00eapirs\u00een\u00ea, di nava bernamey\u00ean dadmendiya demk\u00ee ya netewey\u00ee de. Her wiha daxwaza misogerkirina qereb\u00fbkirina qurbaniyan \u00fb malbat\u00ean wan bi r\u00eaya tazm\u00eenata manew\u00ee \u00fb mad\u00ee \u00fb her wiha desteka der\u00fbn\u00ee \u00fb civak\u00ee dikin ku ji n\u00fb ve r\u00fbmet\u00ea veger\u00eenin \u00fb r\u00ea li p\u00ea\u015fiya dubareb\u00fbna binp\u00eakirinan di p\u00ea\u015feroj\u00ea de bigirin.<\/span><\/p>\n<p class=\"selectable-text copyable-text x15bjb6t x1n2onr6\" dir=\"ltr\"><span class=\"selectable-text copyable-text xkrh14z\">Li gel van ge\u015fedan\u00ean er\u00ean\u00ee j\u00ee, ji bo e\u015fkerekirina rastiy\u00ea \u00fb p\u00eakan\u00eena dadmendiya berfireh h\u00ea j\u00ee r\u00eayeke dir\u00eaj heye, ji ber ku gelek gor\u00ean kom\u00ee b\u00ea kif\u015f dim\u00eenin, ar\u015f\u00eev\u00ean saziy\u00ean ewlekariy\u00ea bi temam\u00ee nehatine vekirin \u00fb malbat j\u00ee ji ber k\u00eamasiya agahiya der bar\u00ea hezkiriy\u00ean xwe y\u00ean winda de \u00ea\u015f\u00ean xwe didom\u00eenin. Ji ber v\u00ea yek\u00ea rola komeley\u00ean qurbaniyan ne ten\u00ea di daxwazkirina mafan de, l\u00ea di avakirin\u00ea de j\u00ee, bi r\u00eaya be\u015fdariyeke \u00e7alak di avakirina S\u00fbriya n\u00fb de, navend\u00ee dim\u00eene.<\/span><\/p>\n<p dir=\"ltr\">\n<p class=\"selectable-text copyable-text x15bjb6t x1n2onr6\" dir=\"ltr\"><a href=\"https:\/\/hevdesti.org\/wp-content\/uploads\/2025\/08\/EU-VGs-project-Digest-6rd-version-2025-KU1.pdf\" target=\"_blank\" rel=\"noopener\"><span class=\"selectable-text copyable-text xkrh14z\">H\u00fbn dikarin T\u00eagihi\u015ftina Gi\u015ft\u00ee (12 R\u00fbpel) bixw\u00eenin.<\/span><\/a><\/p>\n<p dir=\"ltr\">\n<hr \/>\n<blockquote>\n<p class=\"selectable-text copyable-text x15bjb6t x1n2onr6\" dir=\"ltr\"><span class=\"selectable-text copyable-text xkrh14z\">Ev belge bi desteka d\u00earan\u00ee ji aliy\u00ea Yek\u00eetiya Ewropay\u00ea hatiye amadekirin. Naveroka v\u00ea belgey\u00ea bi tevah\u00ee berpirsiyariya Navenda S\u00fbr\u00ee ya Ragihand\u00een\u00ea \u00fb Azadiya Ragihandin\u00ea ye, \u00fb bi h\u00ee\u00e7 away\u00ee nabe ku wek helwesta Yek\u00eetiya Ewropay\u00ea b\u00ea diyar kirin.<\/span><\/p>\n<\/blockquote>\n","protected":false},"excerpt":{"rendered":"<p>Bi destp\u00eakirina qonaxa derbasb\u00fbn\u00ea li S\u00fbriy\u00ea pi\u015ft\u00ee r\u00fbx\u00eena r\u00eaj\u00eema Esed re, mijara kes\u00ean windab\u00fby\u00ee pi\u015ft\u00ee sal\u00ean zordar\u00ee \u00fb t\u00fbjiy\u00ea, \u00fb pa\u015fguhkirina bi zaneb\u00fbn derbas\u00ee qonaxeke n\u00fb b\u00fb. Ev mijar b\u00fbye&hellip;<\/p>\n","protected":false},"author":3,"featured_media":5481,"comment_status":"open","ping_status":"open","sticky":false,"template":"","format":"link","meta":{"_lmt_disableupdate":"","_lmt_disable":"","footnotes":""},"categories":[194],"tags":[],"class_list":["post-5500","post","type-post","status-publish","format-link","has-post-thumbnail","hentry","category-nuce","post_format-post-format-link"],"yoast_head":"<!-- This site is optimized with the Yoast SEO plugin v27.0 - https:\/\/yoast.com\/product\/yoast-seo-wordpress\/ -->\n<title>T\u00eagihi\u015ftina Gi\u015ft\u00ee ya kar\u00ea Komeley\u00ean Qurbaniyan Li S\u00fbriy\u00ea \u2013 Hejmara 6an - Hevdesti<\/title>\n<meta name=\"robots\" content=\"index, follow, max-snippet:-1, max-image-preview:large, max-video-preview:-1\" \/>\n<link rel=\"canonical\" href=\"https:\/\/hevdesti.org\/kmr\/tegihistina-gisti-ya-kare-komeleyen-qurbaniyan-li-suriye-hejmara-6an\/\" \/>\n<meta property=\"og:locale\" content=\"en_US\" \/>\n<meta property=\"og:type\" content=\"article\" \/>\n<meta property=\"og:title\" content=\"T\u00eagihi\u015ftina Gi\u015ft\u00ee ya kar\u00ea Komeley\u00ean Qurbaniyan Li S\u00fbriy\u00ea \u2013 Hejmara 6an - Hevdesti\" \/>\n<meta property=\"og:description\" content=\"Bi destp\u00eakirina qonaxa derbasb\u00fbn\u00ea li S\u00fbriy\u00ea pi\u015ft\u00ee r\u00fbx\u00eena r\u00eaj\u00eema Esed re, mijara kes\u00ean windab\u00fby\u00ee pi\u015ft\u00ee sal\u00ean zordar\u00ee \u00fb t\u00fbjiy\u00ea, \u00fb pa\u015fguhkirina bi zaneb\u00fbn derbas\u00ee qonaxeke n\u00fb b\u00fb. Ev mijar b\u00fbye&hellip;\" \/>\n<meta property=\"og:url\" content=\"https:\/\/hevdesti.org\/kmr\/tegihistina-gisti-ya-kare-komeleyen-qurbaniyan-li-suriye-hejmara-6an\/\" \/>\n<meta property=\"og:site_name\" content=\"Hevdesti\" \/>\n<meta property=\"article:publisher\" content=\"https:\/\/www.facebook.com\/HevdestiSynergy\" \/>\n<meta property=\"article:published_time\" content=\"2025-08-07T21:42:24+00:00\" \/>\n<meta property=\"og:image\" content=\"https:\/\/hevdesti.org\/wp-content\/uploads\/2025\/08\/EU-VGs-project-Digest-6.jpg\" \/>\n\t<meta property=\"og:image:width\" content=\"1200\" \/>\n\t<meta property=\"og:image:height\" content=\"630\" \/>\n\t<meta property=\"og:image:type\" content=\"image\/jpeg\" \/>\n<meta name=\"author\" content=\"editor\" \/>\n<meta name=\"twitter:card\" content=\"summary_large_image\" \/>\n<meta name=\"twitter:creator\" content=\"@HevdestiSynergy\" \/>\n<meta name=\"twitter:site\" content=\"@HevdestiSynergy\" \/>\n<meta name=\"twitter:label1\" content=\"Written by\" \/>\n\t<meta name=\"twitter:data1\" content=\"editor\" \/>\n\t<meta name=\"twitter:label2\" content=\"Est. reading time\" \/>\n\t<meta name=\"twitter:data2\" content=\"2 minutes\" \/>\n<script type=\"application\/ld+json\" class=\"yoast-schema-graph\">{\"@context\":\"https:\/\/schema.org\",\"@graph\":[{\"@type\":\"Article\",\"@id\":\"https:\/\/hevdesti.org\/kmr\/tegihistina-gisti-ya-kare-komeleyen-qurbaniyan-li-suriye-hejmara-6an\/#article\",\"isPartOf\":{\"@id\":\"https:\/\/hevdesti.org\/kmr\/tegihistina-gisti-ya-kare-komeleyen-qurbaniyan-li-suriye-hejmara-6an\/\"},\"author\":{\"name\":\"editor\",\"@id\":\"https:\/\/hevdesti.org\/en\/#\/schema\/person\/9cbcb77ecdaf428d5e7b6373fad46a58\"},\"headline\":\"T\u00eagihi\u015ftina Gi\u015ft\u00ee ya kar\u00ea Komeley\u00ean Qurbaniyan Li S\u00fbriy\u00ea \u2013 Hejmara 6an\",\"datePublished\":\"2025-08-07T21:42:24+00:00\",\"mainEntityOfPage\":{\"@id\":\"https:\/\/hevdesti.org\/kmr\/tegihistina-gisti-ya-kare-komeleyen-qurbaniyan-li-suriye-hejmara-6an\/\"},\"wordCount\":377,\"commentCount\":0,\"publisher\":{\"@id\":\"https:\/\/hevdesti.org\/en\/#organization\"},\"image\":{\"@id\":\"https:\/\/hevdesti.org\/kmr\/tegihistina-gisti-ya-kare-komeleyen-qurbaniyan-li-suriye-hejmara-6an\/#primaryimage\"},\"thumbnailUrl\":\"https:\/\/hevdesti.org\/wp-content\/uploads\/2025\/08\/EU-VGs-project-Digest-6.jpg\",\"articleSection\":[\"N\u00fb\u00e7e\"],\"inLanguage\":\"kmr\",\"potentialAction\":[{\"@type\":\"CommentAction\",\"name\":\"Comment\",\"target\":[\"https:\/\/hevdesti.org\/kmr\/tegihistina-gisti-ya-kare-komeleyen-qurbaniyan-li-suriye-hejmara-6an\/#respond\"]}]},{\"@type\":\"WebPage\",\"@id\":\"https:\/\/hevdesti.org\/kmr\/tegihistina-gisti-ya-kare-komeleyen-qurbaniyan-li-suriye-hejmara-6an\/\",\"url\":\"https:\/\/hevdesti.org\/kmr\/tegihistina-gisti-ya-kare-komeleyen-qurbaniyan-li-suriye-hejmara-6an\/\",\"name\":\"T\u00eagihi\u015ftina Gi\u015ft\u00ee ya kar\u00ea Komeley\u00ean Qurbaniyan Li S\u00fbriy\u00ea \u2013 Hejmara 6an - Hevdesti\",\"isPartOf\":{\"@id\":\"https:\/\/hevdesti.org\/en\/#website\"},\"primaryImageOfPage\":{\"@id\":\"https:\/\/hevdesti.org\/kmr\/tegihistina-gisti-ya-kare-komeleyen-qurbaniyan-li-suriye-hejmara-6an\/#primaryimage\"},\"image\":{\"@id\":\"https:\/\/hevdesti.org\/kmr\/tegihistina-gisti-ya-kare-komeleyen-qurbaniyan-li-suriye-hejmara-6an\/#primaryimage\"},\"thumbnailUrl\":\"https:\/\/hevdesti.org\/wp-content\/uploads\/2025\/08\/EU-VGs-project-Digest-6.jpg\",\"datePublished\":\"2025-08-07T21:42:24+00:00\",\"breadcrumb\":{\"@id\":\"https:\/\/hevdesti.org\/kmr\/tegihistina-gisti-ya-kare-komeleyen-qurbaniyan-li-suriye-hejmara-6an\/#breadcrumb\"},\"inLanguage\":\"kmr\",\"potentialAction\":[{\"@type\":\"ReadAction\",\"target\":[\"https:\/\/hevdesti.org\/kmr\/tegihistina-gisti-ya-kare-komeleyen-qurbaniyan-li-suriye-hejmara-6an\/\"]}]},{\"@type\":\"ImageObject\",\"inLanguage\":\"kmr\",\"@id\":\"https:\/\/hevdesti.org\/kmr\/tegihistina-gisti-ya-kare-komeleyen-qurbaniyan-li-suriye-hejmara-6an\/#primaryimage\",\"url\":\"https:\/\/hevdesti.org\/wp-content\/uploads\/2025\/08\/EU-VGs-project-Digest-6.jpg\",\"contentUrl\":\"https:\/\/hevdesti.org\/wp-content\/uploads\/2025\/08\/EU-VGs-project-Digest-6.jpg\",\"width\":1200,\"height\":630},{\"@type\":\"BreadcrumbList\",\"@id\":\"https:\/\/hevdesti.org\/kmr\/tegihistina-gisti-ya-kare-komeleyen-qurbaniyan-li-suriye-hejmara-6an\/#breadcrumb\",\"itemListElement\":[{\"@type\":\"ListItem\",\"position\":1,\"name\":\"Home\",\"item\":\"https:\/\/hevdesti.org\/en\/\"},{\"@type\":\"ListItem\",\"position\":2,\"name\":\"T\u00eagihi\u015ftina Gi\u015ft\u00ee ya kar\u00ea Komeley\u00ean Qurbaniyan Li S\u00fbriy\u00ea \u2013 Hejmara 6an\"}]},{\"@type\":\"WebSite\",\"@id\":\"https:\/\/hevdesti.org\/en\/#website\",\"url\":\"https:\/\/hevdesti.org\/en\/\",\"name\":\"Hevdesti\",\"description\":\"\",\"publisher\":{\"@id\":\"https:\/\/hevdesti.org\/en\/#organization\"},\"potentialAction\":[{\"@type\":\"SearchAction\",\"target\":{\"@type\":\"EntryPoint\",\"urlTemplate\":\"https:\/\/hevdesti.org\/en\/?s={search_term_string}\"},\"query-input\":{\"@type\":\"PropertyValueSpecification\",\"valueRequired\":true,\"valueName\":\"search_term_string\"}}],\"inLanguage\":\"kmr\"},{\"@type\":\"Organization\",\"@id\":\"https:\/\/hevdesti.org\/en\/#organization\",\"name\":\"Hevdesti\",\"url\":\"https:\/\/hevdesti.org\/en\/\",\"logo\":{\"@type\":\"ImageObject\",\"inLanguage\":\"kmr\",\"@id\":\"https:\/\/hevdesti.org\/en\/#\/schema\/logo\/image\/\",\"url\":\"https:\/\/hevdesti.org\/wp-content\/uploads\/2020\/09\/Logo@2x-1.png\",\"contentUrl\":\"https:\/\/hevdesti.org\/wp-content\/uploads\/2020\/09\/Logo@2x-1.png\",\"width\":641,\"height\":146,\"caption\":\"Hevdesti\"},\"image\":{\"@id\":\"https:\/\/hevdesti.org\/en\/#\/schema\/logo\/image\/\"},\"sameAs\":[\"https:\/\/www.facebook.com\/HevdestiSynergy\",\"https:\/\/x.com\/HevdestiSynergy\"]},{\"@type\":\"Person\",\"@id\":\"https:\/\/hevdesti.org\/en\/#\/schema\/person\/9cbcb77ecdaf428d5e7b6373fad46a58\",\"name\":\"editor\",\"image\":{\"@type\":\"ImageObject\",\"inLanguage\":\"kmr\",\"@id\":\"https:\/\/hevdesti.org\/en\/#\/schema\/person\/image\/\",\"url\":\"https:\/\/secure.gravatar.com\/avatar\/1aeee99cd34663cae27d2b8326e59ae9390964112a86514f631eb3e5b17944a7?s=96&d=mm&r=g\",\"contentUrl\":\"https:\/\/secure.gravatar.com\/avatar\/1aeee99cd34663cae27d2b8326e59ae9390964112a86514f631eb3e5b17944a7?s=96&d=mm&r=g\",\"caption\":\"editor\"}}]}<\/script>\n<!-- \/ Yoast SEO plugin. -->","yoast_head_json":{"title":"T\u00eagihi\u015ftina Gi\u015ft\u00ee ya kar\u00ea Komeley\u00ean Qurbaniyan Li S\u00fbriy\u00ea \u2013 Hejmara 6an - Hevdesti","robots":{"index":"index","follow":"follow","max-snippet":"max-snippet:-1","max-image-preview":"max-image-preview:large","max-video-preview":"max-video-preview:-1"},"canonical":"https:\/\/hevdesti.org\/kmr\/tegihistina-gisti-ya-kare-komeleyen-qurbaniyan-li-suriye-hejmara-6an\/","og_locale":"en_US","og_type":"article","og_title":"T\u00eagihi\u015ftina Gi\u015ft\u00ee ya kar\u00ea Komeley\u00ean Qurbaniyan Li S\u00fbriy\u00ea \u2013 Hejmara 6an - Hevdesti","og_description":"Bi destp\u00eakirina qonaxa derbasb\u00fbn\u00ea li S\u00fbriy\u00ea pi\u015ft\u00ee r\u00fbx\u00eena r\u00eaj\u00eema Esed re, mijara kes\u00ean windab\u00fby\u00ee pi\u015ft\u00ee sal\u00ean zordar\u00ee \u00fb t\u00fbjiy\u00ea, \u00fb pa\u015fguhkirina bi zaneb\u00fbn derbas\u00ee qonaxeke n\u00fb b\u00fb. Ev mijar b\u00fbye&hellip;","og_url":"https:\/\/hevdesti.org\/kmr\/tegihistina-gisti-ya-kare-komeleyen-qurbaniyan-li-suriye-hejmara-6an\/","og_site_name":"Hevdesti","article_publisher":"https:\/\/www.facebook.com\/HevdestiSynergy","article_published_time":"2025-08-07T21:42:24+00:00","og_image":[{"width":1200,"height":630,"url":"https:\/\/hevdesti.org\/wp-content\/uploads\/2025\/08\/EU-VGs-project-Digest-6.jpg","type":"image\/jpeg"}],"author":"editor","twitter_card":"summary_large_image","twitter_creator":"@HevdestiSynergy","twitter_site":"@HevdestiSynergy","twitter_misc":{"Written by":"editor","Est. reading time":"2 minutes"},"schema":{"@context":"https:\/\/schema.org","@graph":[{"@type":"Article","@id":"https:\/\/hevdesti.org\/kmr\/tegihistina-gisti-ya-kare-komeleyen-qurbaniyan-li-suriye-hejmara-6an\/#article","isPartOf":{"@id":"https:\/\/hevdesti.org\/kmr\/tegihistina-gisti-ya-kare-komeleyen-qurbaniyan-li-suriye-hejmara-6an\/"},"author":{"name":"editor","@id":"https:\/\/hevdesti.org\/en\/#\/schema\/person\/9cbcb77ecdaf428d5e7b6373fad46a58"},"headline":"T\u00eagihi\u015ftina Gi\u015ft\u00ee ya kar\u00ea Komeley\u00ean Qurbaniyan Li S\u00fbriy\u00ea \u2013 Hejmara 6an","datePublished":"2025-08-07T21:42:24+00:00","mainEntityOfPage":{"@id":"https:\/\/hevdesti.org\/kmr\/tegihistina-gisti-ya-kare-komeleyen-qurbaniyan-li-suriye-hejmara-6an\/"},"wordCount":377,"commentCount":0,"publisher":{"@id":"https:\/\/hevdesti.org\/en\/#organization"},"image":{"@id":"https:\/\/hevdesti.org\/kmr\/tegihistina-gisti-ya-kare-komeleyen-qurbaniyan-li-suriye-hejmara-6an\/#primaryimage"},"thumbnailUrl":"https:\/\/hevdesti.org\/wp-content\/uploads\/2025\/08\/EU-VGs-project-Digest-6.jpg","articleSection":["N\u00fb\u00e7e"],"inLanguage":"kmr","potentialAction":[{"@type":"CommentAction","name":"Comment","target":["https:\/\/hevdesti.org\/kmr\/tegihistina-gisti-ya-kare-komeleyen-qurbaniyan-li-suriye-hejmara-6an\/#respond"]}]},{"@type":"WebPage","@id":"https:\/\/hevdesti.org\/kmr\/tegihistina-gisti-ya-kare-komeleyen-qurbaniyan-li-suriye-hejmara-6an\/","url":"https:\/\/hevdesti.org\/kmr\/tegihistina-gisti-ya-kare-komeleyen-qurbaniyan-li-suriye-hejmara-6an\/","name":"T\u00eagihi\u015ftina Gi\u015ft\u00ee ya kar\u00ea Komeley\u00ean Qurbaniyan Li S\u00fbriy\u00ea \u2013 Hejmara 6an - Hevdesti","isPartOf":{"@id":"https:\/\/hevdesti.org\/en\/#website"},"primaryImageOfPage":{"@id":"https:\/\/hevdesti.org\/kmr\/tegihistina-gisti-ya-kare-komeleyen-qurbaniyan-li-suriye-hejmara-6an\/#primaryimage"},"image":{"@id":"https:\/\/hevdesti.org\/kmr\/tegihistina-gisti-ya-kare-komeleyen-qurbaniyan-li-suriye-hejmara-6an\/#primaryimage"},"thumbnailUrl":"https:\/\/hevdesti.org\/wp-content\/uploads\/2025\/08\/EU-VGs-project-Digest-6.jpg","datePublished":"2025-08-07T21:42:24+00:00","breadcrumb":{"@id":"https:\/\/hevdesti.org\/kmr\/tegihistina-gisti-ya-kare-komeleyen-qurbaniyan-li-suriye-hejmara-6an\/#breadcrumb"},"inLanguage":"kmr","potentialAction":[{"@type":"ReadAction","target":["https:\/\/hevdesti.org\/kmr\/tegihistina-gisti-ya-kare-komeleyen-qurbaniyan-li-suriye-hejmara-6an\/"]}]},{"@type":"ImageObject","inLanguage":"kmr","@id":"https:\/\/hevdesti.org\/kmr\/tegihistina-gisti-ya-kare-komeleyen-qurbaniyan-li-suriye-hejmara-6an\/#primaryimage","url":"https:\/\/hevdesti.org\/wp-content\/uploads\/2025\/08\/EU-VGs-project-Digest-6.jpg","contentUrl":"https:\/\/hevdesti.org\/wp-content\/uploads\/2025\/08\/EU-VGs-project-Digest-6.jpg","width":1200,"height":630},{"@type":"BreadcrumbList","@id":"https:\/\/hevdesti.org\/kmr\/tegihistina-gisti-ya-kare-komeleyen-qurbaniyan-li-suriye-hejmara-6an\/#breadcrumb","itemListElement":[{"@type":"ListItem","position":1,"name":"Home","item":"https:\/\/hevdesti.org\/en\/"},{"@type":"ListItem","position":2,"name":"T\u00eagihi\u015ftina Gi\u015ft\u00ee ya kar\u00ea Komeley\u00ean Qurbaniyan Li S\u00fbriy\u00ea \u2013 Hejmara 6an"}]},{"@type":"WebSite","@id":"https:\/\/hevdesti.org\/en\/#website","url":"https:\/\/hevdesti.org\/en\/","name":"Hevdesti","description":"","publisher":{"@id":"https:\/\/hevdesti.org\/en\/#organization"},"potentialAction":[{"@type":"SearchAction","target":{"@type":"EntryPoint","urlTemplate":"https:\/\/hevdesti.org\/en\/?s={search_term_string}"},"query-input":{"@type":"PropertyValueSpecification","valueRequired":true,"valueName":"search_term_string"}}],"inLanguage":"kmr"},{"@type":"Organization","@id":"https:\/\/hevdesti.org\/en\/#organization","name":"Hevdesti","url":"https:\/\/hevdesti.org\/en\/","logo":{"@type":"ImageObject","inLanguage":"kmr","@id":"https:\/\/hevdesti.org\/en\/#\/schema\/logo\/image\/","url":"https:\/\/hevdesti.org\/wp-content\/uploads\/2020\/09\/Logo@2x-1.png","contentUrl":"https:\/\/hevdesti.org\/wp-content\/uploads\/2020\/09\/Logo@2x-1.png","width":641,"height":146,"caption":"Hevdesti"},"image":{"@id":"https:\/\/hevdesti.org\/en\/#\/schema\/logo\/image\/"},"sameAs":["https:\/\/www.facebook.com\/HevdestiSynergy","https:\/\/x.com\/HevdestiSynergy"]},{"@type":"Person","@id":"https:\/\/hevdesti.org\/en\/#\/schema\/person\/9cbcb77ecdaf428d5e7b6373fad46a58","name":"editor","image":{"@type":"ImageObject","inLanguage":"kmr","@id":"https:\/\/hevdesti.org\/en\/#\/schema\/person\/image\/","url":"https:\/\/secure.gravatar.com\/avatar\/1aeee99cd34663cae27d2b8326e59ae9390964112a86514f631eb3e5b17944a7?s=96&d=mm&r=g","contentUrl":"https:\/\/secure.gravatar.com\/avatar\/1aeee99cd34663cae27d2b8326e59ae9390964112a86514f631eb3e5b17944a7?s=96&d=mm&r=g","caption":"editor"}}]}},"_links":{"self":[{"href":"https:\/\/hevdesti.org\/kmr\/wp-json\/wp\/v2\/posts\/5500","targetHints":{"allow":["GET"]}}],"collection":[{"href":"https:\/\/hevdesti.org\/kmr\/wp-json\/wp\/v2\/posts"}],"about":[{"href":"https:\/\/hevdesti.org\/kmr\/wp-json\/wp\/v2\/types\/post"}],"author":[{"embeddable":true,"href":"https:\/\/hevdesti.org\/kmr\/wp-json\/wp\/v2\/users\/3"}],"replies":[{"embeddable":true,"href":"https:\/\/hevdesti.org\/kmr\/wp-json\/wp\/v2\/comments?post=5500"}],"version-history":[{"count":1,"href":"https:\/\/hevdesti.org\/kmr\/wp-json\/wp\/v2\/posts\/5500\/revisions"}],"predecessor-version":[{"id":5505,"href":"https:\/\/hevdesti.org\/kmr\/wp-json\/wp\/v2\/posts\/5500\/revisions\/5505"}],"wp:featuredmedia":[{"embeddable":true,"href":"https:\/\/hevdesti.org\/kmr\/wp-json\/wp\/v2\/media\/5481"}],"wp:attachment":[{"href":"https:\/\/hevdesti.org\/kmr\/wp-json\/wp\/v2\/media?parent=5500"}],"wp:term":[{"taxonomy":"category","embeddable":true,"href":"https:\/\/hevdesti.org\/kmr\/wp-json\/wp\/v2\/categories?post=5500"},{"taxonomy":"post_tag","embeddable":true,"href":"https:\/\/hevdesti.org\/kmr\/wp-json\/wp\/v2\/tags?post=5500"}],"curies":[{"name":"wp","href":"https:\/\/api.w.org\/{rel}","templated":true}]}}