{"id":5474,"date":"2025-07-31T23:05:24","date_gmt":"2025-07-31T21:05:24","guid":{"rendered":"https:\/\/hevdesti.org\/?p=5474"},"modified":"2025-07-31T23:06:19","modified_gmt":"2025-07-31T21:06:19","slug":"tegihistina-gisti-ya-kare-komeleyen-qurbaniyan-li-suriye-hejmara-5an","status":"publish","type":"post","link":"https:\/\/hevdesti.org\/kmr\/tegihistina-gisti-ya-kare-komeleyen-qurbaniyan-li-suriye-hejmara-5an\/","title":{"rendered":"T\u00eagihi\u015ftina Gi\u015ft\u00ee ya kar\u00ea Komeley\u00ean Qurbaniyan Li S\u00fbriy\u00ea &#8211; Hejmara 5an"},"content":{"rendered":"<p class=\"selectable-text copyable-text x15bjb6t x1n2onr6\" dir=\"ltr\"><span class=\"selectable-text copyable-text xkrh14z\">Hilwe\u015f\u00eena rej\u00eema Esed li S\u00fbriy\u00ea guhertin\u00ean gir\u00eeng gir\u00eaday\u00ee k\u00ea\u015feya windab\u00fbyan bi xwe re an\u00ee, ku zindan \u00fb girt\u00eegeh\u00ean rej\u00eem\u00ea hatin valakirin \u00fb hejmarek gor\u00ean kom\u00ee y\u00ean ku term\u00ean qurbaniy\u00ean windab\u00fbna bi zor\u00ea t\u00ea de ne hatin d\u00eetin. R\u00eaxistin\u00ean navnetewey\u00ee, hin r\u00eaxistin\u00ean civaka siv\u00eel \u00ean S\u00fbr\u00eeyey\u00ee \u00fb komeley\u00ean qurbaniyan j\u00ee derfet d\u00eetin ku bikevin S\u00fbr\u00eeyey\u00ea, li ser erd\u00ea bixebitin \u00fb rasterast bi malbat \u00fb xizm\u00ean kes\u00ean winda re t\u00eakil\u00eeyan deynin.<\/span><\/p>\n<p class=\"selectable-text copyable-text x15bjb6t x1n2onr6\" dir=\"ltr\"><span class=\"selectable-text copyable-text xkrh14z\">Tev\u00ee van p\u00ea\u015fketinan, bi hezaran malbat\u00ean S\u00fbr\u00eeyey\u00ee h\u00een j\u00ee ji ber berdewamiya s\u00fbc\u00ean windakirina bi dar\u00ea zor\u00ea \u00fb \u00ee\u015fkencekirin\u00ea ji aliy\u00ea tevahiya h\u00eaz\u00ean \u00e7ekdar r\u00eaderdiy\u00ea diki\u015f\u00eenin. Zindan\u00ean van koman ji bo l\u00eapirs\u00een\u00ea girt\u00ee ne, di heman dem\u00ea de bi dehan gor\u00ean kom\u00ee hene ku h\u00een nehatine e\u015fkerekirin, \u00fb ji bo misogerkirina dadmendiy\u00ea ji bo hem\u00ee qurbaniyan \u00fb malbat\u00ean wan hewldan\u00ean berfireh hewce dikin.<\/span><\/p>\n<p class=\"selectable-text copyable-text x15bjb6t x1n2onr6\" dir=\"ltr\"><span class=\"selectable-text copyable-text xkrh14z\">Li ber \u00e7avan van veguher\u00eenan, r\u00eaxistin\u00ean civaka siv\u00eel \u00fb komeley\u00ean qurbaniyan ji bo ji n\u00fb ve avakirina tevna civak\u00ee \u00fb bi r\u00eaya belgekirina binp\u00eakirinan \u00fb dab\u00eenkirina pi\u015ftgiriy\u00ea ji qurbaniyan \u00fb malbat\u00ean wan re dixebitin. Ev r\u00eaxistin \u00fb komele di heman dem\u00ea de dibin al\u00eekar ku rastiyan e\u015fkere bikin \u00fb pi\u015ftrast bikin ku s\u00fbc dubare nebin, bi v\u00ee away\u00ee be\u015fdar\u00ee dadmend\u00ee \u00fb vej\u00eena netewey\u00ee dibin. Ji bil\u00ee dab\u00eenkirina pi\u015ftgiriya yasay\u00ee \u00fb der\u00fbn\u00ee, \u00fb p\u00ea\u015fvebirina nirx\u00ean demokrasiy\u00ea \u00fb maf\u00ean mirovan ji bo misogerkirina p\u00ea\u015ferojek aram \u00fb ge\u015f ji bo S\u00fbriy\u00ea.<\/span><\/p>\n<p class=\"selectable-text copyable-text x15bjb6t x1n2onr6\" dir=\"ltr\"><span class=\"selectable-text copyable-text xkrh14z\">Di \u00e7end meh\u00ean bor\u00ee de, komeley\u00ean qurbaniyan hewl\u00ean berfireh dane ji bo \u00e7areserkirina pirsgir\u00eaka kes\u00ean winda, binp\u00eakirin\u00ean ku ew rast\u00ee wan hatine belge kirine \u00fb \u00e7alakiy\u00ean par\u00eazvaniy\u00ea li ser asta her\u00eam\u00ee \u00fb navnetewey\u00ee p\u00eak an\u00eene da ku zext\u00ea li aliy\u00ean peywend\u00eedar bikin da ku \u00e7aren\u00fbsa kes\u00ean winda e\u015fkere bikin, \u00fb her weha daxwaza avakirina dezgehek netewey\u00ee ya berpirsiyar ji bo \u015fopandina doz\u00ea li S\u00fbriy\u00ea kirine.<\/span><\/p>\n<p class=\"selectable-text copyable-text x15bjb6t x1n2onr6\" dir=\"ltr\"><span class=\"selectable-text copyable-text xkrh14z\">Herwiha, van komeleyan kampanyay\u00ean hi\u015fyarkirin\u00ea ji bo parastina gor\u00ean kom\u00ee \u00fb bilindkirina hi\u015fmendiy\u00ea li ser maf\u00ean kes\u00ean winda, malbat\u00ean wan \u00fb qan\u00fbn\u00ean t\u00eakildar\u00ee v\u00ea mijar\u00ea bir\u00eave birine, bi v\u00ee away\u00ee be\u015fdar\u00ee bilindkirina hi\u015fmendiya gi\u015ft\u00ee \u00fb pi\u015ftgir\u00eekirina p\u00eavajoy\u00ean ba\u015fb\u00fbn \u00fb lihevhatina netewey\u00ee li S\u00fbriyey\u00ea b\u00fbne.<\/span><\/p>\n<p dir=\"ltr\"><a href=\"https:\/\/hevdesti.org\/wp-content\/uploads\/2025\/07\/EU-VGs-project-Digest-5rd-version-2025-KU.pdf\" target=\"_blank\" rel=\"noopener\"><span class=\"selectable-text copyable-text xkrh14z\">H\u00fbn dikarin T\u00eagihi\u015ftina Gi\u015ft\u00ee (11 R\u00fbpel) bixw\u00eenin.<\/span><\/a><\/p>\n<p dir=\"ltr\">\n<p dir=\"ltr\">\n<hr \/>\n<blockquote>\n<p dir=\"ltr\">Ev belge bi desteka d\u00earan\u00ee ji aliy\u00ea Yek\u00eetiya Ewropay\u00ea hatiye amadekirin. Naveroka v\u00ea belgey\u00ea bi tevah\u00ee berpirsiyariya Navenda S\u00fbr\u00ee ya Ragihand\u00een\u00ea \u00fb Azadiya Ragihandin\u00ea ye, \u00fb bi h\u00ee\u00e7 away\u00ee nabe ku wek helwesta Yek\u00eetiya Ewropay\u00ea b\u00ea diyar kirin.<\/p>\n<\/blockquote>\n","protected":false},"excerpt":{"rendered":"<p>Hilwe\u015f\u00eena rej\u00eema Esed li S\u00fbriy\u00ea guhertin\u00ean gir\u00eeng gir\u00eaday\u00ee k\u00ea\u015feya windab\u00fbyan bi xwe re an\u00ee, ku zindan \u00fb girt\u00eegeh\u00ean rej\u00eem\u00ea hatin valakirin \u00fb hejmarek gor\u00ean kom\u00ee y\u00ean ku term\u00ean qurbaniy\u00ean windab\u00fbna&hellip;<\/p>\n","protected":false},"author":3,"featured_media":5453,"comment_status":"open","ping_status":"open","sticky":false,"template":"","format":"link","meta":{"_lmt_disableupdate":"no","_lmt_disable":"","footnotes":""},"categories":[194],"tags":[],"class_list":["post-5474","post","type-post","status-publish","format-link","has-post-thumbnail","hentry","category-nuce","post_format-post-format-link"],"yoast_head":"<!-- This site is optimized with the Yoast SEO plugin v27.0 - https:\/\/yoast.com\/product\/yoast-seo-wordpress\/ -->\n<title>T\u00eagihi\u015ftina Gi\u015ft\u00ee ya kar\u00ea Komeley\u00ean Qurbaniyan Li S\u00fbriy\u00ea - Hejmara 5an - Hevdesti<\/title>\n<meta name=\"robots\" content=\"index, follow, max-snippet:-1, max-image-preview:large, max-video-preview:-1\" \/>\n<link rel=\"canonical\" href=\"https:\/\/hevdesti.org\/kmr\/tegihistina-gisti-ya-kare-komeleyen-qurbaniyan-li-suriye-hejmara-5an\/\" \/>\n<meta property=\"og:locale\" content=\"en_US\" \/>\n<meta property=\"og:type\" content=\"article\" \/>\n<meta property=\"og:title\" content=\"T\u00eagihi\u015ftina Gi\u015ft\u00ee ya kar\u00ea Komeley\u00ean Qurbaniyan Li S\u00fbriy\u00ea - Hejmara 5an - Hevdesti\" \/>\n<meta property=\"og:description\" content=\"Hilwe\u015f\u00eena rej\u00eema Esed li S\u00fbriy\u00ea guhertin\u00ean gir\u00eeng gir\u00eaday\u00ee k\u00ea\u015feya windab\u00fbyan bi xwe re an\u00ee, ku zindan \u00fb girt\u00eegeh\u00ean rej\u00eem\u00ea hatin valakirin \u00fb hejmarek gor\u00ean kom\u00ee y\u00ean ku term\u00ean qurbaniy\u00ean windab\u00fbna&hellip;\" \/>\n<meta property=\"og:url\" content=\"https:\/\/hevdesti.org\/kmr\/tegihistina-gisti-ya-kare-komeleyen-qurbaniyan-li-suriye-hejmara-5an\/\" \/>\n<meta property=\"og:site_name\" content=\"Hevdesti\" \/>\n<meta property=\"article:publisher\" content=\"https:\/\/www.facebook.com\/HevdestiSynergy\" \/>\n<meta property=\"article:published_time\" content=\"2025-07-31T21:05:24+00:00\" \/>\n<meta property=\"article:modified_time\" content=\"2025-07-31T21:06:19+00:00\" \/>\n<meta property=\"og:image\" content=\"https:\/\/hevdesti.org\/wp-content\/uploads\/2025\/07\/V.5.jpg\" \/>\n\t<meta property=\"og:image:width\" content=\"1200\" \/>\n\t<meta property=\"og:image:height\" content=\"630\" \/>\n\t<meta property=\"og:image:type\" content=\"image\/jpeg\" \/>\n<meta name=\"author\" content=\"editor\" \/>\n<meta name=\"twitter:card\" content=\"summary_large_image\" \/>\n<meta name=\"twitter:creator\" content=\"@HevdestiSynergy\" \/>\n<meta name=\"twitter:site\" content=\"@HevdestiSynergy\" \/>\n<meta name=\"twitter:label1\" content=\"Written by\" \/>\n\t<meta name=\"twitter:data1\" content=\"editor\" \/>\n\t<meta name=\"twitter:label2\" content=\"Est. reading time\" \/>\n\t<meta name=\"twitter:data2\" content=\"2 minutes\" \/>\n<script type=\"application\/ld+json\" class=\"yoast-schema-graph\">{\"@context\":\"https:\/\/schema.org\",\"@graph\":[{\"@type\":\"Article\",\"@id\":\"https:\/\/hevdesti.org\/kmr\/tegihistina-gisti-ya-kare-komeleyen-qurbaniyan-li-suriye-hejmara-5an\/#article\",\"isPartOf\":{\"@id\":\"https:\/\/hevdesti.org\/kmr\/tegihistina-gisti-ya-kare-komeleyen-qurbaniyan-li-suriye-hejmara-5an\/\"},\"author\":{\"name\":\"editor\",\"@id\":\"https:\/\/hevdesti.org\/en\/#\/schema\/person\/9cbcb77ecdaf428d5e7b6373fad46a58\"},\"headline\":\"T\u00eagihi\u015ftina Gi\u015ft\u00ee ya kar\u00ea Komeley\u00ean Qurbaniyan Li S\u00fbriy\u00ea &#8211; Hejmara 5an\",\"datePublished\":\"2025-07-31T21:05:24+00:00\",\"dateModified\":\"2025-07-31T21:06:19+00:00\",\"mainEntityOfPage\":{\"@id\":\"https:\/\/hevdesti.org\/kmr\/tegihistina-gisti-ya-kare-komeleyen-qurbaniyan-li-suriye-hejmara-5an\/\"},\"wordCount\":488,\"commentCount\":0,\"publisher\":{\"@id\":\"https:\/\/hevdesti.org\/en\/#organization\"},\"image\":{\"@id\":\"https:\/\/hevdesti.org\/kmr\/tegihistina-gisti-ya-kare-komeleyen-qurbaniyan-li-suriye-hejmara-5an\/#primaryimage\"},\"thumbnailUrl\":\"https:\/\/hevdesti.org\/wp-content\/uploads\/2025\/07\/V.5.jpg\",\"articleSection\":[\"N\u00fb\u00e7e\"],\"inLanguage\":\"kmr\",\"potentialAction\":[{\"@type\":\"CommentAction\",\"name\":\"Comment\",\"target\":[\"https:\/\/hevdesti.org\/kmr\/tegihistina-gisti-ya-kare-komeleyen-qurbaniyan-li-suriye-hejmara-5an\/#respond\"]}]},{\"@type\":\"WebPage\",\"@id\":\"https:\/\/hevdesti.org\/kmr\/tegihistina-gisti-ya-kare-komeleyen-qurbaniyan-li-suriye-hejmara-5an\/\",\"url\":\"https:\/\/hevdesti.org\/kmr\/tegihistina-gisti-ya-kare-komeleyen-qurbaniyan-li-suriye-hejmara-5an\/\",\"name\":\"T\u00eagihi\u015ftina Gi\u015ft\u00ee ya kar\u00ea Komeley\u00ean Qurbaniyan Li S\u00fbriy\u00ea - Hejmara 5an - Hevdesti\",\"isPartOf\":{\"@id\":\"https:\/\/hevdesti.org\/en\/#website\"},\"primaryImageOfPage\":{\"@id\":\"https:\/\/hevdesti.org\/kmr\/tegihistina-gisti-ya-kare-komeleyen-qurbaniyan-li-suriye-hejmara-5an\/#primaryimage\"},\"image\":{\"@id\":\"https:\/\/hevdesti.org\/kmr\/tegihistina-gisti-ya-kare-komeleyen-qurbaniyan-li-suriye-hejmara-5an\/#primaryimage\"},\"thumbnailUrl\":\"https:\/\/hevdesti.org\/wp-content\/uploads\/2025\/07\/V.5.jpg\",\"datePublished\":\"2025-07-31T21:05:24+00:00\",\"dateModified\":\"2025-07-31T21:06:19+00:00\",\"breadcrumb\":{\"@id\":\"https:\/\/hevdesti.org\/kmr\/tegihistina-gisti-ya-kare-komeleyen-qurbaniyan-li-suriye-hejmara-5an\/#breadcrumb\"},\"inLanguage\":\"kmr\",\"potentialAction\":[{\"@type\":\"ReadAction\",\"target\":[\"https:\/\/hevdesti.org\/kmr\/tegihistina-gisti-ya-kare-komeleyen-qurbaniyan-li-suriye-hejmara-5an\/\"]}]},{\"@type\":\"ImageObject\",\"inLanguage\":\"kmr\",\"@id\":\"https:\/\/hevdesti.org\/kmr\/tegihistina-gisti-ya-kare-komeleyen-qurbaniyan-li-suriye-hejmara-5an\/#primaryimage\",\"url\":\"https:\/\/hevdesti.org\/wp-content\/uploads\/2025\/07\/V.5.jpg\",\"contentUrl\":\"https:\/\/hevdesti.org\/wp-content\/uploads\/2025\/07\/V.5.jpg\",\"width\":1200,\"height\":630},{\"@type\":\"BreadcrumbList\",\"@id\":\"https:\/\/hevdesti.org\/kmr\/tegihistina-gisti-ya-kare-komeleyen-qurbaniyan-li-suriye-hejmara-5an\/#breadcrumb\",\"itemListElement\":[{\"@type\":\"ListItem\",\"position\":1,\"name\":\"Home\",\"item\":\"https:\/\/hevdesti.org\/en\/\"},{\"@type\":\"ListItem\",\"position\":2,\"name\":\"T\u00eagihi\u015ftina Gi\u015ft\u00ee ya kar\u00ea Komeley\u00ean Qurbaniyan Li S\u00fbriy\u00ea &#8211; Hejmara 5an\"}]},{\"@type\":\"WebSite\",\"@id\":\"https:\/\/hevdesti.org\/en\/#website\",\"url\":\"https:\/\/hevdesti.org\/en\/\",\"name\":\"Hevdesti\",\"description\":\"\",\"publisher\":{\"@id\":\"https:\/\/hevdesti.org\/en\/#organization\"},\"potentialAction\":[{\"@type\":\"SearchAction\",\"target\":{\"@type\":\"EntryPoint\",\"urlTemplate\":\"https:\/\/hevdesti.org\/en\/?s={search_term_string}\"},\"query-input\":{\"@type\":\"PropertyValueSpecification\",\"valueRequired\":true,\"valueName\":\"search_term_string\"}}],\"inLanguage\":\"kmr\"},{\"@type\":\"Organization\",\"@id\":\"https:\/\/hevdesti.org\/en\/#organization\",\"name\":\"Hevdesti\",\"url\":\"https:\/\/hevdesti.org\/en\/\",\"logo\":{\"@type\":\"ImageObject\",\"inLanguage\":\"kmr\",\"@id\":\"https:\/\/hevdesti.org\/en\/#\/schema\/logo\/image\/\",\"url\":\"https:\/\/hevdesti.org\/wp-content\/uploads\/2020\/09\/Logo@2x-1.png\",\"contentUrl\":\"https:\/\/hevdesti.org\/wp-content\/uploads\/2020\/09\/Logo@2x-1.png\",\"width\":641,\"height\":146,\"caption\":\"Hevdesti\"},\"image\":{\"@id\":\"https:\/\/hevdesti.org\/en\/#\/schema\/logo\/image\/\"},\"sameAs\":[\"https:\/\/www.facebook.com\/HevdestiSynergy\",\"https:\/\/x.com\/HevdestiSynergy\"]},{\"@type\":\"Person\",\"@id\":\"https:\/\/hevdesti.org\/en\/#\/schema\/person\/9cbcb77ecdaf428d5e7b6373fad46a58\",\"name\":\"editor\",\"image\":{\"@type\":\"ImageObject\",\"inLanguage\":\"kmr\",\"@id\":\"https:\/\/hevdesti.org\/en\/#\/schema\/person\/image\/\",\"url\":\"https:\/\/secure.gravatar.com\/avatar\/1aeee99cd34663cae27d2b8326e59ae9390964112a86514f631eb3e5b17944a7?s=96&d=mm&r=g\",\"contentUrl\":\"https:\/\/secure.gravatar.com\/avatar\/1aeee99cd34663cae27d2b8326e59ae9390964112a86514f631eb3e5b17944a7?s=96&d=mm&r=g\",\"caption\":\"editor\"}}]}<\/script>\n<!-- \/ Yoast SEO plugin. -->","yoast_head_json":{"title":"T\u00eagihi\u015ftina Gi\u015ft\u00ee ya kar\u00ea Komeley\u00ean Qurbaniyan Li S\u00fbriy\u00ea - Hejmara 5an - Hevdesti","robots":{"index":"index","follow":"follow","max-snippet":"max-snippet:-1","max-image-preview":"max-image-preview:large","max-video-preview":"max-video-preview:-1"},"canonical":"https:\/\/hevdesti.org\/kmr\/tegihistina-gisti-ya-kare-komeleyen-qurbaniyan-li-suriye-hejmara-5an\/","og_locale":"en_US","og_type":"article","og_title":"T\u00eagihi\u015ftina Gi\u015ft\u00ee ya kar\u00ea Komeley\u00ean Qurbaniyan Li S\u00fbriy\u00ea - Hejmara 5an - Hevdesti","og_description":"Hilwe\u015f\u00eena rej\u00eema Esed li S\u00fbriy\u00ea guhertin\u00ean gir\u00eeng gir\u00eaday\u00ee k\u00ea\u015feya windab\u00fbyan bi xwe re an\u00ee, ku zindan \u00fb girt\u00eegeh\u00ean rej\u00eem\u00ea hatin valakirin \u00fb hejmarek gor\u00ean kom\u00ee y\u00ean ku term\u00ean qurbaniy\u00ean windab\u00fbna&hellip;","og_url":"https:\/\/hevdesti.org\/kmr\/tegihistina-gisti-ya-kare-komeleyen-qurbaniyan-li-suriye-hejmara-5an\/","og_site_name":"Hevdesti","article_publisher":"https:\/\/www.facebook.com\/HevdestiSynergy","article_published_time":"2025-07-31T21:05:24+00:00","article_modified_time":"2025-07-31T21:06:19+00:00","og_image":[{"width":1200,"height":630,"url":"https:\/\/hevdesti.org\/wp-content\/uploads\/2025\/07\/V.5.jpg","type":"image\/jpeg"}],"author":"editor","twitter_card":"summary_large_image","twitter_creator":"@HevdestiSynergy","twitter_site":"@HevdestiSynergy","twitter_misc":{"Written by":"editor","Est. reading time":"2 minutes"},"schema":{"@context":"https:\/\/schema.org","@graph":[{"@type":"Article","@id":"https:\/\/hevdesti.org\/kmr\/tegihistina-gisti-ya-kare-komeleyen-qurbaniyan-li-suriye-hejmara-5an\/#article","isPartOf":{"@id":"https:\/\/hevdesti.org\/kmr\/tegihistina-gisti-ya-kare-komeleyen-qurbaniyan-li-suriye-hejmara-5an\/"},"author":{"name":"editor","@id":"https:\/\/hevdesti.org\/en\/#\/schema\/person\/9cbcb77ecdaf428d5e7b6373fad46a58"},"headline":"T\u00eagihi\u015ftina Gi\u015ft\u00ee ya kar\u00ea Komeley\u00ean Qurbaniyan Li S\u00fbriy\u00ea &#8211; Hejmara 5an","datePublished":"2025-07-31T21:05:24+00:00","dateModified":"2025-07-31T21:06:19+00:00","mainEntityOfPage":{"@id":"https:\/\/hevdesti.org\/kmr\/tegihistina-gisti-ya-kare-komeleyen-qurbaniyan-li-suriye-hejmara-5an\/"},"wordCount":488,"commentCount":0,"publisher":{"@id":"https:\/\/hevdesti.org\/en\/#organization"},"image":{"@id":"https:\/\/hevdesti.org\/kmr\/tegihistina-gisti-ya-kare-komeleyen-qurbaniyan-li-suriye-hejmara-5an\/#primaryimage"},"thumbnailUrl":"https:\/\/hevdesti.org\/wp-content\/uploads\/2025\/07\/V.5.jpg","articleSection":["N\u00fb\u00e7e"],"inLanguage":"kmr","potentialAction":[{"@type":"CommentAction","name":"Comment","target":["https:\/\/hevdesti.org\/kmr\/tegihistina-gisti-ya-kare-komeleyen-qurbaniyan-li-suriye-hejmara-5an\/#respond"]}]},{"@type":"WebPage","@id":"https:\/\/hevdesti.org\/kmr\/tegihistina-gisti-ya-kare-komeleyen-qurbaniyan-li-suriye-hejmara-5an\/","url":"https:\/\/hevdesti.org\/kmr\/tegihistina-gisti-ya-kare-komeleyen-qurbaniyan-li-suriye-hejmara-5an\/","name":"T\u00eagihi\u015ftina Gi\u015ft\u00ee ya kar\u00ea Komeley\u00ean Qurbaniyan Li S\u00fbriy\u00ea - Hejmara 5an - Hevdesti","isPartOf":{"@id":"https:\/\/hevdesti.org\/en\/#website"},"primaryImageOfPage":{"@id":"https:\/\/hevdesti.org\/kmr\/tegihistina-gisti-ya-kare-komeleyen-qurbaniyan-li-suriye-hejmara-5an\/#primaryimage"},"image":{"@id":"https:\/\/hevdesti.org\/kmr\/tegihistina-gisti-ya-kare-komeleyen-qurbaniyan-li-suriye-hejmara-5an\/#primaryimage"},"thumbnailUrl":"https:\/\/hevdesti.org\/wp-content\/uploads\/2025\/07\/V.5.jpg","datePublished":"2025-07-31T21:05:24+00:00","dateModified":"2025-07-31T21:06:19+00:00","breadcrumb":{"@id":"https:\/\/hevdesti.org\/kmr\/tegihistina-gisti-ya-kare-komeleyen-qurbaniyan-li-suriye-hejmara-5an\/#breadcrumb"},"inLanguage":"kmr","potentialAction":[{"@type":"ReadAction","target":["https:\/\/hevdesti.org\/kmr\/tegihistina-gisti-ya-kare-komeleyen-qurbaniyan-li-suriye-hejmara-5an\/"]}]},{"@type":"ImageObject","inLanguage":"kmr","@id":"https:\/\/hevdesti.org\/kmr\/tegihistina-gisti-ya-kare-komeleyen-qurbaniyan-li-suriye-hejmara-5an\/#primaryimage","url":"https:\/\/hevdesti.org\/wp-content\/uploads\/2025\/07\/V.5.jpg","contentUrl":"https:\/\/hevdesti.org\/wp-content\/uploads\/2025\/07\/V.5.jpg","width":1200,"height":630},{"@type":"BreadcrumbList","@id":"https:\/\/hevdesti.org\/kmr\/tegihistina-gisti-ya-kare-komeleyen-qurbaniyan-li-suriye-hejmara-5an\/#breadcrumb","itemListElement":[{"@type":"ListItem","position":1,"name":"Home","item":"https:\/\/hevdesti.org\/en\/"},{"@type":"ListItem","position":2,"name":"T\u00eagihi\u015ftina Gi\u015ft\u00ee ya kar\u00ea Komeley\u00ean Qurbaniyan Li S\u00fbriy\u00ea &#8211; Hejmara 5an"}]},{"@type":"WebSite","@id":"https:\/\/hevdesti.org\/en\/#website","url":"https:\/\/hevdesti.org\/en\/","name":"Hevdesti","description":"","publisher":{"@id":"https:\/\/hevdesti.org\/en\/#organization"},"potentialAction":[{"@type":"SearchAction","target":{"@type":"EntryPoint","urlTemplate":"https:\/\/hevdesti.org\/en\/?s={search_term_string}"},"query-input":{"@type":"PropertyValueSpecification","valueRequired":true,"valueName":"search_term_string"}}],"inLanguage":"kmr"},{"@type":"Organization","@id":"https:\/\/hevdesti.org\/en\/#organization","name":"Hevdesti","url":"https:\/\/hevdesti.org\/en\/","logo":{"@type":"ImageObject","inLanguage":"kmr","@id":"https:\/\/hevdesti.org\/en\/#\/schema\/logo\/image\/","url":"https:\/\/hevdesti.org\/wp-content\/uploads\/2020\/09\/Logo@2x-1.png","contentUrl":"https:\/\/hevdesti.org\/wp-content\/uploads\/2020\/09\/Logo@2x-1.png","width":641,"height":146,"caption":"Hevdesti"},"image":{"@id":"https:\/\/hevdesti.org\/en\/#\/schema\/logo\/image\/"},"sameAs":["https:\/\/www.facebook.com\/HevdestiSynergy","https:\/\/x.com\/HevdestiSynergy"]},{"@type":"Person","@id":"https:\/\/hevdesti.org\/en\/#\/schema\/person\/9cbcb77ecdaf428d5e7b6373fad46a58","name":"editor","image":{"@type":"ImageObject","inLanguage":"kmr","@id":"https:\/\/hevdesti.org\/en\/#\/schema\/person\/image\/","url":"https:\/\/secure.gravatar.com\/avatar\/1aeee99cd34663cae27d2b8326e59ae9390964112a86514f631eb3e5b17944a7?s=96&d=mm&r=g","contentUrl":"https:\/\/secure.gravatar.com\/avatar\/1aeee99cd34663cae27d2b8326e59ae9390964112a86514f631eb3e5b17944a7?s=96&d=mm&r=g","caption":"editor"}}]}},"_links":{"self":[{"href":"https:\/\/hevdesti.org\/kmr\/wp-json\/wp\/v2\/posts\/5474","targetHints":{"allow":["GET"]}}],"collection":[{"href":"https:\/\/hevdesti.org\/kmr\/wp-json\/wp\/v2\/posts"}],"about":[{"href":"https:\/\/hevdesti.org\/kmr\/wp-json\/wp\/v2\/types\/post"}],"author":[{"embeddable":true,"href":"https:\/\/hevdesti.org\/kmr\/wp-json\/wp\/v2\/users\/3"}],"replies":[{"embeddable":true,"href":"https:\/\/hevdesti.org\/kmr\/wp-json\/wp\/v2\/comments?post=5474"}],"version-history":[{"count":2,"href":"https:\/\/hevdesti.org\/kmr\/wp-json\/wp\/v2\/posts\/5474\/revisions"}],"predecessor-version":[{"id":5476,"href":"https:\/\/hevdesti.org\/kmr\/wp-json\/wp\/v2\/posts\/5474\/revisions\/5476"}],"wp:featuredmedia":[{"embeddable":true,"href":"https:\/\/hevdesti.org\/kmr\/wp-json\/wp\/v2\/media\/5453"}],"wp:attachment":[{"href":"https:\/\/hevdesti.org\/kmr\/wp-json\/wp\/v2\/media?parent=5474"}],"wp:term":[{"taxonomy":"category","embeddable":true,"href":"https:\/\/hevdesti.org\/kmr\/wp-json\/wp\/v2\/categories?post=5474"},{"taxonomy":"post_tag","embeddable":true,"href":"https:\/\/hevdesti.org\/kmr\/wp-json\/wp\/v2\/tags?post=5474"}],"curies":[{"name":"wp","href":"https:\/\/api.w.org\/{rel}","templated":true}]}}