{"id":2952,"date":"2023-02-26T23:10:58","date_gmt":"2023-02-26T22:10:58","guid":{"rendered":"https:\/\/hevdesti.org\/?p=2952"},"modified":"2023-02-26T23:27:13","modified_gmt":"2023-02-26T22:27:13","slug":"peace-spring-strip-not-as-safe-as-turkey-publicizes","status":"publish","type":"post","link":"https:\/\/hevdesti.org\/en\/peace-spring-strip-not-as-safe-as-turkey-publicizes\/","title":{"rendered":"\u201cPeace Spring\u201d Strip Not as Safe as Turkey Publicizes"},"content":{"rendered":"<h4 style=\"text-align: justify;\"><strong>Executive Summary: <\/strong><\/h4>\n<p style=\"text-align: justify;\">During 2022, Hevdesti-Synergy Association for Victims documented 33 intra-factional clashes\/internal fighting, between factions of the opposition Syrian National Army (SNA) in the two regions of Ras al-Ayn\/Ser\u00ea Kaniy\u00ea and Tall Abyad, that caused the death of two civilians and injured twenty others, including two women and three children. The internal fighting also killed 22 fighters of the Turkish-backed factions and injured at least 83.<\/p>\n<p style=\"text-align: justify;\">Additionally in 2022, \u201cPeace Spring\u201d strip witnessed five cases of murder\/assassination carried out by anonymous gunmen in which four fighters of the opposition SNA and two civilians were killed. One of the civilians was a jeweler who was killed during a robbery. Four fighters of the SNA\u2019s factions were injured during three failed murder\/assassination incidents. Moreover, one single case of direct fire was documented when an armed group operating under the al-Hamzat\/al-Hamza Division fired bullets on a gathering of civilians, injuring one boy.<\/p>\n<p style=\"text-align: justify;\">The information collected by Hevdesti-Synergy showed that there are several reasons behind the internal clashing between the SNA-affiliated factions. The majority of clashes are on disputes over power, drug dealing, and human trafficking between Syria and Turkey. Other clashes take place at first between individuals and, in some cases, evolve to become a wider military confrontation. Tribal fanaticism <em>(Asabiyya) <\/em>contributes to developing some of the disputes between fighters of the SNA into wider confrontations.<\/p>\n<p style=\"text-align: justify;\">The biggest toll by intra-factional clashes between the SNA\u2019s factions in 2022 was felt in April, which coincided with the holy month of Ramadan, when eight internal clashes broke out. Seven clashes broke out in March and four in May, one of which was the most violent fighting in the Turkish-held areas in Northern Syria.<\/p>\n<p style=\"text-align: justify;\"><img decoding=\"async\" class=\" wp-image-2939 aligncenter\" src=\"https:\/\/hevdesti.org\/wp-content\/uploads\/2023\/02\/\u062d\u0635\u064a\u0644\u0629-\u0627\u0644\u0623\u0634\u0647\u0631-\u0625\u0646\u062c\u0644\u0634-300x216.png\" alt=\"\" width=\"798\" height=\"574\" srcset=\"https:\/\/hevdesti.org\/wp-content\/uploads\/2023\/02\/\u062d\u0635\u064a\u0644\u0629-\u0627\u0644\u0623\u0634\u0647\u0631-\u0625\u0646\u062c\u0644\u0634-300x216.png 300w, https:\/\/hevdesti.org\/wp-content\/uploads\/2023\/02\/\u062d\u0635\u064a\u0644\u0629-\u0627\u0644\u0623\u0634\u0647\u0631-\u0625\u0646\u062c\u0644\u0634-768x552.png 768w, https:\/\/hevdesti.org\/wp-content\/uploads\/2023\/02\/\u062d\u0635\u064a\u0644\u0629-\u0627\u0644\u0623\u0634\u0647\u0631-\u0625\u0646\u062c\u0644\u0634-1024x736.png 1024w, https:\/\/hevdesti.org\/wp-content\/uploads\/2023\/02\/\u062d\u0635\u064a\u0644\u0629-\u0627\u0644\u0623\u0634\u0647\u0631-\u0625\u0646\u062c\u0644\u0634-1536x1104.png 1536w, https:\/\/hevdesti.org\/wp-content\/uploads\/2023\/02\/\u062d\u0635\u064a\u0644\u0629-\u0627\u0644\u0623\u0634\u0647\u0631-\u0625\u0646\u062c\u0644\u0634-1170x841.png 1170w, https:\/\/hevdesti.org\/wp-content\/uploads\/2023\/02\/\u062d\u0635\u064a\u0644\u0629-\u0627\u0644\u0623\u0634\u0647\u0631-\u0625\u0646\u062c\u0644\u0634-585x420.png 585w, https:\/\/hevdesti.org\/wp-content\/uploads\/2023\/02\/\u062d\u0635\u064a\u0644\u0629-\u0627\u0644\u0623\u0634\u0647\u0631-\u0625\u0646\u062c\u0644\u0634.png 1596w\" sizes=\"(max-width: 798px) 100vw, 798px\" \/>al-Hamzat Division is the group that was part of the most intra-factional clashes in Ras al-Ayn\/Ser\u00ea Kaniy\u00ea and Tall Abyad regions during 2022, as it was involved in 24 cases of internal fighting. Followed by Tajammu Ahrar al-Sharqiya\/Gathering of Free Men of the East faction which took part in ten cases of internal infighting. While the 20<sup>th<\/sup> Division and the Military Police each took part in seven cases of internal fighting. The internal fighting did not break out, as expected, between two different armed factions only, rather eight internal clashes at least erupted between armed groups of the same faction.<\/p>\n<p style=\"text-align: justify;\"><img decoding=\"async\" class=\" wp-image-2935 aligncenter\" src=\"https:\/\/hevdesti.org\/wp-content\/uploads\/2023\/02\/\u0623\u0628\u0631\u0632-\u0627\u0644\u0641\u0635\u0627\u0626\u0644-\u0625\u0646\u062c\u0644\u0634-300x136.png\" alt=\"\" width=\"805\" height=\"365\" srcset=\"https:\/\/hevdesti.org\/wp-content\/uploads\/2023\/02\/\u0623\u0628\u0631\u0632-\u0627\u0644\u0641\u0635\u0627\u0626\u0644-\u0625\u0646\u062c\u0644\u0634-300x136.png 300w, https:\/\/hevdesti.org\/wp-content\/uploads\/2023\/02\/\u0623\u0628\u0631\u0632-\u0627\u0644\u0641\u0635\u0627\u0626\u0644-\u0625\u0646\u062c\u0644\u0634-768x348.png 768w, https:\/\/hevdesti.org\/wp-content\/uploads\/2023\/02\/\u0623\u0628\u0631\u0632-\u0627\u0644\u0641\u0635\u0627\u0626\u0644-\u0625\u0646\u062c\u0644\u0634-1024x464.png 1024w, https:\/\/hevdesti.org\/wp-content\/uploads\/2023\/02\/\u0623\u0628\u0631\u0632-\u0627\u0644\u0641\u0635\u0627\u0626\u0644-\u0625\u0646\u062c\u0644\u0634-1536x696.png 1536w, https:\/\/hevdesti.org\/wp-content\/uploads\/2023\/02\/\u0623\u0628\u0631\u0632-\u0627\u0644\u0641\u0635\u0627\u0626\u0644-\u0625\u0646\u062c\u0644\u0634-1170x530.png 1170w, https:\/\/hevdesti.org\/wp-content\/uploads\/2023\/02\/\u0623\u0628\u0631\u0632-\u0627\u0644\u0641\u0635\u0627\u0626\u0644-\u0625\u0646\u062c\u0644\u0634-585x265.png 585w, https:\/\/hevdesti.org\/wp-content\/uploads\/2023\/02\/\u0623\u0628\u0631\u0632-\u0627\u0644\u0641\u0635\u0627\u0626\u0644-\u0625\u0646\u062c\u0644\u0634.png 1610w\" sizes=\"(max-width: 805px) 100vw, 805px\" \/>All the intra-factional fighting between factions of the SNA in Ras al-Ayn\/Ser\u00ea Kaniy\u00ea and Tall Abyad regions broke out in populated areas, such as markets, residential neighborhoods and villages. In some other cases, internal fighting broke out on checkpoints used by civilians. In addition, cases of killings, assassinations, and shootings were documented in the towns and villages.<\/p>\n<p style=\"text-align: justify;\"><strong>From the victims\u2019 perspective, impacts of internal fighting and armed chaos in Turkish-held areas are not only limited to civilian casualties and civilian property damages. They rather push the population to consider leaving the whole region. The deteriorating security situation increases the instability and clearly affects the economic development process, exacerbating the bad economic conditions and extreme poverty the majority of Syrians are already suffering from across the country.<\/strong><\/p>\n<p>&nbsp;<\/p>\n<h4 style=\"text-align: justify;\"><strong>Armed Chaos and Insecurity in \u201cPeace Spring\u201d Strip: <\/strong><\/h4>\n<p style=\"text-align: justify;\">The Turkish government claimed its October 2019 military operation dubbed \u201cPeace Spring\u201d on Northeastern Syria as establishing a \u201csafe zone\u201d to protect its national security and bring peace and safety to the region. However, contrary to Turkey\u2019s propaganda, armed chaos and insecurity have continued to characterize the situation in the two regions of Ras al-Ayn\/Ser\u00ea Kaniy\u00ea and Tall Abyad despite three years have passed since Turkey\u2019s occupation.<\/p>\n<p style=\"text-align: justify;\">On the other hand, armed chaos and insecurity are rife in Turkish-held areas in Northern Syria, including Ras al-Ayn\/Ser\u00ea Kaniy\u00ea and Tall Abyad, with no monitoring or license available. On April 12, 2022, the Ministry of Defense in the Syrian Interim Government (SIG), the political umbrella of the SNA, issued a <a href=\"https:\/\/www.enabbaladi.net\/archives\/564901\">circular<\/a> to police the possession and use of arms in its areas of control and limit its use to military camps, front lines with the enemy, and security checkpoints<a href=\"#_ftn1\" name=\"_ftnref1\">[1]<\/a>. Nevertheless, the use of weapons is still rampant and any fight, frequently and immediately, turns to an armed confrontation whether by shooting in the air to spread fear and panic or direct shooting with the aim to cause injuries.<\/p>\n<p style=\"text-align: justify;\">All of the above, the daily violations committed by factions affiliated with the Turkish-backed SNA, and lack of accountability and persistence of impunity, make the Turkish-held territories unsafe and not in meeting with the <a href=\"https:\/\/help.unhcr.org\/georgia\/voluntary-repatriation-and-return\/\">criteria<\/a> of voluntary return set by the United Nations.<\/p>\n<p>&nbsp;<\/p>\n<h4 style=\"text-align: justify;\"><strong>Turkey\u2019s Legal Obligation as an Occupying Power:\u00a0 <\/strong><\/h4>\n<p style=\"text-align: justify;\">Since October 2019, Turkey has occupied the area lying between Ras al-Ayn\/Ser\u00ea Kaniy\u00ea and Tall Abyad under the operation called \u201cPeace Spring\u201d and maintains a continuous military existence there with enforcing Turkish law, running schools and other public jobs.<\/p>\n<p style=\"text-align: justify;\">Territory is considered \u201coccupied\u201d when it comes under the effective control or authority of foreign armed forces, whether partially or entirely, without the consent of the domestic government. Today, an occupying power\u2019s effective control can be exercised without a continuous military presence in the territory as the focus is on the extent of authority retained by the foreign focus rather than exclusively focusing on how it is exercised<a href=\"#_ftn2\" name=\"_ftnref2\">[2]<\/a>. As soon as the territory is under the effective control of foreign armed forces, laws of occupation apply.<\/p>\n<p style=\"text-align: justify;\">Turkey deals with these regions as if they were a part of Turkey. For example, the two occupied cities of Ras al-Ayn\/Ser\u00ea Kaniy\u00ea and Tall Abyad administratively, as well as in terms of services, follow Turkey\u2019s governorate of \u015eanl\u0131urfa. The Syrian Center for Support and Coordination, which is run by \u015eanl\u0131urfa\u2019s governor, provides public services, including water, garbage collection, city cleaning, heath care services, and humanitarian assistance. \u015eanl\u0131urfa\u2019s former governor Abdullah Erin, and his successor Salih Ayhan visited the occupied region several times to check the implemented projects. Turkish state departments coordinate these services with the support and aid provided from the Turkish armed forces. <a href=\"#_ftn3\" name=\"_ftnref3\">[3]<\/a><\/p>\n<p style=\"text-align: justify;\">On the other hand, the Turkish armed forces <a href=\"https:\/\/www.dailysabah.com\/politics\/war-on-terror\/turkey-restores-water-supply-network-for-35-syrian-villages\">still<\/a> control these territories and have established military bases<a href=\"#_ftn4\" name=\"_ftnref4\">[4]<\/a> and checkpoints there. The Turkish government provides training and logistical support to the SNA and police forces in the occupied area, and closely coordinates with them, at the highest levels, including instructing executive orders to senior commanders.<\/p>\n<p style=\"text-align: justify;\">In the Turkish-occupied areas, Turkey bears responsibility to ensure public order and safety, and a special protection for women and children. Turkey remains bound by applicable human rights obligations vis-\u00e0-vis all individuals present in these territories. If Turkish forces do not intervene to stop those violations, when they are informed about, they may be violating the afore-mentioned obligations.<\/p>\n<p style=\"text-align: justify;\">Furthermore, the occupying power is under obligation to respect the provisions of the human rights treaties to which the country whose territory is partially or totally occupied.<a href=\"#_ftn5\" name=\"_ftnref5\">[5]<\/a>\u00a0 Moreover, the extraterritorial application of human rights conventions is an obligation incumbent on the occupying power<a href=\"#_ftn6\" name=\"_ftnref6\">[6]<\/a>.<\/p>\n<p style=\"text-align: justify;\">In accordance with Article 43 of the 1907 <a href=\"https:\/\/www.icrc.org\/ar\/doc\/resources\/documents\/misc\/62tc8a.htm\">Hague Regulations<\/a> the occupying power \u201cis under an obligation to take all the measures in its power to restore, and ensure, as far as possible, public order and safety in the occupied area.\u201d<a href=\"#_ftn7\" name=\"_ftnref7\">[7]<\/a>\u00a0 Turkey is thus obliged \u201cto secure respect for the applicable rules of the [IHRL] and [IHL], to protect the inhabitants of the occupied territory against acts of violence, and not to tolerate such violence by any third party\u201d. Therefore, the occupier must also respect its own obligations derived from its own commitments to any international or regional conventions, in addition to any customary provisions. This was confirmed by the European Convention of Human Rights (ECHR) which in turn stressed that the country part of the ECHR<a href=\"#_ftn8\" name=\"_ftnref8\">[8]<\/a>\u00a0 is obliged to apply the Convention outside its national territory, to the benefit of foreign nationals, whenever it is exercising control or authority over a foreign individual, and whenever it is exercising effective control over a territory other than its national territory.<a href=\"#_ftn9\" name=\"_ftnref9\">[9]<\/a><\/p>\n<h4><\/h4>\n<p>&nbsp;<\/p>\n<h4 style=\"text-align: justify;\"><strong>Violation of the US-Turkish Agreement: <\/strong><\/h4>\n<p style=\"text-align: justify;\">Beside the failure to acknowledge its occupations of parts of Northeast Syria and not committing to its obligations as an occupying power in the areas lying between Ras al-Ayn\/Ser\u00ea Kaniy\u00ea and Tall Abyad, armed chaos and insecurity in these areas indicate that Turkey is violating items of the US-Turkish Ceasefire in Northeast Syria <a href=\"https:\/\/trumpwhitehouse.archives.gov\/briefings-statements\/united-states-turkey-agree-ceasefire-northeast-syria\/\">agreement<\/a>, signed on 17 October 2022, and described a \u201c\u2018Historic Agreement\u201d\u2019 by the US White House.<\/p>\n<p style=\"text-align: justify;\">The agreement was announced by former US-Vice President Mike Pence and the Turkish President Recep Tayyip Erdo\u011fan after negotiations in Ankara. Soon after, former US president Donald Trump praised the agreement, adding \u201cmillions of lives will be saved\u201d. A joint US-Turkish statement following the negotiations said, \u201cthe Turkish armed forces will take over the creation of the safe area\u201d.<\/p>\n<p style=\"text-align: justify;\">Item No. (4) in the joint US-Turkish statement, that included 13 items, stated, \u201c<strong>the two countries pledge to uphold human life, human rights and the protection of the religious and ethnic communities<\/strong>\u201d. Also, item No. (7) of the agreement alleged, \u201c<strong>Turkey voiced commitment to ensure safety and well-being of residents of all population centers in the safe area controlled by the Turkish forces, and reiterated that it will take utmost precautions to avoid inflicting damage on civilians or on infrastructure.<\/strong>\u201d<\/p>\n<p style=\"text-align: justify;\">Turkey failed, as an occupying power, to maintain the safety and security of the civilians living in the areas under its control. The numerous and continuous cases of intra-factional fighting between factions of the Turkish-backed SNA and proliferation and use of weapons among civilians all but ensure that the area lying between Ras al-Ayn\/Ser\u00ea Kaniy\u00ea and Tall Abyad, which Turkey calls a \u201c\u2018safe zone\u201d, is not safe at all, and that civilians\u2019 lives are at risk, contrary to item No. (7) of the US-Turkish agreement.<\/p>\n<p style=\"text-align: justify;\">Not taking serious measures to maintain safety and security by the Turkish authorities effectively controlling these territories and turning a blind eye to the internal fighting among the armed factions tasked to administer the occupied region, violate Turkey\u2019s obligation to uphold human life and human rights, contrary to item No. (4) of the US-Turkish agreement. In addition to civilian casualties and material losses during these clashes, on more than one occasion, civilians were arrested by the warring factions on charges of dealing with the enemy faction. Furthermore, civilians were forced to flee, fearing death during clashes, and were subjected to home and property pillage.<\/p>\n<p>&nbsp;<\/p>\n<h4 style=\"text-align: justify;\"><strong>Recommendations: <\/strong><\/h4>\n<p style=\"text-align: justify;\">Turkey has failed to assume its responsibilities vis-\u00e0-vis the territories it occupies in Syria and has not taken any serious measures to ensure the protection of civilians. Instead, it has turned a blind eye to the intra-factional fights between the armed factions which were authorized by Turkey to run the region. Although the Turkish authorities effectively control these areas, they never intervened to stop the clashing, except in one incident when they stopped the clashing, and it was coincided with the presence of Turkish officials in the region. Moreover, the Turkish authorities didn\u2019t hold accountable fighters of the factions who were responsible for killing or injuring civilians, and they never forced a faction to compensate the material damages caused by internal fighting.<\/p>\n<p style=\"text-align: justify;\">Based on the above, Hevdesti-Synergy Association recommends that:<\/p>\n<ul style=\"text-align: justify;\">\n<li>As an \u201coccupying power\u201d, the Turkish authorities must assume responsibility for ensuring public order and safety and providing special protection for women and children by taking all measures in its power to restore and ensure public order and safety in the occupied areas, as far as possible.<\/li>\n<li>The Turkish government must abide by the US-Turkish agreement, particularly the fourth and seventh articles which read that the two countries pledge to uphold human life, human rights, and the protection of the religious and ethnic communities, and to ensure safety and well-being of residents of all residential centers under the control of Turkish forces.<\/li>\n<li>As a power effectively leading the opposition SNA, the Turkish government must practice its utmost to safeguard the fundamental human rights in the areas it occupies by maintaining the law, holding its violators accountable, as well as protecting civilians from extortion, and security and military action.<\/li>\n<li>The Syrian Interim Government (SIG)\/opposition, and primarily the Turkish government as an occupying power, must ensure the rights of all victims in the occupied areas to achieve justice by finding effective, clear, and accessible remedies ensuring justice\u2019s prompt and impartial achievement, hold accountable the perpetrators, and impose appropriate reparation procedures for the victims.<\/li>\n<li>Pursuant to rules of the International Humanitarian Law (IHL), the SNA\u2019s factions must avoid locating their headquarters and military sites inside cities or in the vicinity of civilians\u2019 work or residence places. Leaders of these factions bear legal liability and the Turkish authorities in turn, as an \u201coccupying power\u201d, assume responsibility to ensure commitment to these rules.<\/li>\n<\/ul>\n<h4><\/h4>\n<p>&nbsp;<\/p>\n<h4 style=\"text-align: justify;\"><strong>Background:<\/strong><\/h4>\n<p style=\"text-align: justify;\">On 9 October 2019, the Turkish army started a military operation against northeast Syria. The Turkish president Recep Tayyip Erdo\u011fan <a href=\"https:\/\/twitter.com\/rterdogan_ar\/status\/1181924104116621312\">announced<\/a> on Twitter the incursion of his country\u2019s forces alongside groups of the Syrian armed opposition\/the SNA into northeast Syria under the so-called \u201cPeace Spring\u201d Operation following the withdrawal of the US\/the Global Coalition and Ankara\u2019s acquisition of a <em>green light<\/em> to invade the region during a phone call between the Turkish president and former US president Donald Trump, on 6 October 2019.<a href=\"#_ftn10\" name=\"_ftnref10\">[10]<\/a><\/p>\n<p style=\"text-align: justify;\">The Turkish assault has had dangerous repercussions on the population in the region, specifically the civilians. The invasion directly caused the <a href=\"https:\/\/news.un.org\/ar\/story\/2019\/10\/1042501\">displacement<\/a> of more than 180,000 people from Ras al-Ayn\/Ser\u00ea Kaniy\u00ea and Tall Abyad areas during the its first days, including thousands of women and children, in quick uncoordinated displacement waves, according to the United Nations.<a href=\"#_ftn11\" name=\"_ftnref11\">[11]<\/a><\/p>\n<p style=\"text-align: justify;\">On 17 October 2019, Turkey and the US signed an <a href=\"https:\/\/trumpwhitehouse.archives.gov\/briefings-statements\/united-states-turkey-agree-ceasefire-northeast-syria\/\">agreement<\/a> to pause the Turkish military operations in northeast Syria for 120 hours, followed by the cessation of Peace Spring Operation after the Syrian Democratic Forces\/SDF completed its withdrawal from the region.<\/p>\n<p style=\"text-align: justify;\">As a result of Peace Spring Operation that ended on 22 October 2019, Turkey and factions affiliated with the Turkish-backed SNA controlled a strip of territory on the border that is 120 km long and 30 km wide between the areas of Ras al-Ayn\/Ser\u00ea Kaniy\u00ea, northwest al-Hasakah city, and Tall Abyad, northern Raqqa. The operation also led to the displacement of more than 175,000 people from the region, according to the Independent International Commission of Inquiry on the Syrian Arab Republic.<a href=\"#_ftn12\" name=\"_ftnref12\">[12]<\/a><\/p>\n<p style=\"text-align: justify;\">Following the end of Peace Spring Operation in the area lying between Ras al-Ayn\/Ser\u00ea Kaniy\u00ea and Tall Abyad regions, factions of the SNA divided the territories among themselves. The Levant Front\/al-Jabha al-Shamiya, The Glory Corps\/Faylaq al-Majd, and Tajammu Ahrar al-Sharqiya\/Free Men of the East took over Tall Abyad area while the Sultan Murad Division and al-Hamzat Division predominated in Ras al-Ayn\/Ser\u00ea Kaniy\u00ea. Other armed groups, including Army of Islam\/Jaysh al-Islam, Faylaq al-Rahman\/al-Rahman Legion, the Northern Hawks Brigade, the Mu&#8217;tasim Division, and the 20<sup>th<\/sup> Division, were also stationed in the area in smaller numbers.<\/p>\n<p style=\"text-align: justify;\"><img decoding=\"async\" class=\" wp-image-2213 aligncenter\" src=\"https:\/\/hevdesti.org\/wp-content\/uploads\/2022\/08\/\u062e\u0627\u0631\u0637\u0629-\u0646\u0628\u0639-\u0627\u0644\u0633\u0644\u0627\u0645-\u0639\u0631\u0628\u064a-212x300.jpg\" alt=\"\" width=\"723\" height=\"1023\" srcset=\"https:\/\/hevdesti.org\/wp-content\/uploads\/2022\/08\/\u062e\u0627\u0631\u0637\u0629-\u0646\u0628\u0639-\u0627\u0644\u0633\u0644\u0627\u0645-\u0639\u0631\u0628\u064a-212x300.jpg 212w, https:\/\/hevdesti.org\/wp-content\/uploads\/2022\/08\/\u062e\u0627\u0631\u0637\u0629-\u0646\u0628\u0639-\u0627\u0644\u0633\u0644\u0627\u0645-\u0639\u0631\u0628\u064a-768x1086.jpg 768w, https:\/\/hevdesti.org\/wp-content\/uploads\/2022\/08\/\u062e\u0627\u0631\u0637\u0629-\u0646\u0628\u0639-\u0627\u0644\u0633\u0644\u0627\u0645-\u0639\u0631\u0628\u064a-724x1024.jpg 724w, https:\/\/hevdesti.org\/wp-content\/uploads\/2022\/08\/\u062e\u0627\u0631\u0637\u0629-\u0646\u0628\u0639-\u0627\u0644\u0633\u0644\u0627\u0645-\u0639\u0631\u0628\u064a-1086x1536.jpg 1086w, https:\/\/hevdesti.org\/wp-content\/uploads\/2022\/08\/\u062e\u0627\u0631\u0637\u0629-\u0646\u0628\u0639-\u0627\u0644\u0633\u0644\u0627\u0645-\u0639\u0631\u0628\u064a-1448x2048.jpg 1448w, https:\/\/hevdesti.org\/wp-content\/uploads\/2022\/08\/\u062e\u0627\u0631\u0637\u0629-\u0646\u0628\u0639-\u0627\u0644\u0633\u0644\u0627\u0645-\u0639\u0631\u0628\u064a-1920x2716.jpg 1920w, https:\/\/hevdesti.org\/wp-content\/uploads\/2022\/08\/\u062e\u0627\u0631\u0637\u0629-\u0646\u0628\u0639-\u0627\u0644\u0633\u0644\u0627\u0645-\u0639\u0631\u0628\u064a-1170x1655.jpg 1170w, https:\/\/hevdesti.org\/wp-content\/uploads\/2022\/08\/\u062e\u0627\u0631\u0637\u0629-\u0646\u0628\u0639-\u0627\u0644\u0633\u0644\u0627\u0645-\u0639\u0631\u0628\u064a-585x827.jpg 585w, https:\/\/hevdesti.org\/wp-content\/uploads\/2022\/08\/\u062e\u0627\u0631\u0637\u0629-\u0646\u0628\u0639-\u0627\u0644\u0633\u0644\u0627\u0645-\u0639\u0631\u0628\u064a-scaled.jpg 1810w\" sizes=\"(max-width: 723px) 100vw, 723px\" \/>Despite reaching a US-Turkish \u201c\u2018Ceasefire\u201d\u2019 agreement and a Turkish-Russian \u201c\u2018Safe Area\u201d\u2019 agreement on 22 October 2019, yet the Turkish-backed armed factions have committed many violations against the population in the region, varying from extrajudicial execution to arbitrary arrest and torture, as well as home seizure and denial of return. Moreover, the armed factions looted and seized public buildings and properties in the areas, including the seizure of strategic grain storage, which part of it was sold to Turkey. <a href=\"https:\/\/hevdesti.org\/\">Hevdesti-Synergy<\/a> has published several reports documenting the violations committed by the armed groups in Ras al-Ayn\/Ser\u00ea Kaniy\u00ea and Tall Abyad regions.<\/p>\n<p style=\"text-align: justify;\">Dozens of local and international parties have documented patterns of violations committed against residents in \u201cPeace Spring\u201d strip. Notably, the Independent International Commission of Inquiry on the Syrian Arab Republic that documented countless violations to human rights and International Humanitarian Law (IHL) committed by the SNA\u2019s factions in a consistent pattern with what happened in Afrin in 2018.<a href=\"#_ftn13\" name=\"_ftnref13\">[13]<\/a><\/p>\n<h4><\/h4>\n<p>&nbsp;<\/p>\n<h4 style=\"text-align: justify;\"><strong>The Most Prominent Internal Fighting Cases in \u201cPeace Spring\u201d Strip During 2022:<\/strong><\/h4>\n<p style=\"text-align: justify;\">\u00a0Hevdesti-Synergy documented 33 intra-factional clashes\/internal fighting between factions of the opposition SNA in the regions of Ras al-Ayn\/Ser\u00ea Kaniy\u00ea and Tall Abyad that caused the death of two civilians and the injury of twenty others, including two women and three children. The internal fighting also killed 22 fighters of the Turkish-backed factions and injured at least 83.<\/p>\n<p style=\"text-align: justify;\">Hevdesti-Synergy Association relied in its documentation process on the information collected in its database provided by a network of researchers scattered in the region, and on the accounts obtained from the victims, their families, and eyewitnesses. Furthermore, it verified the information from publicly available sources (open sources).<\/p>\n<p style=\"text-align: justify;\">The Association notes that victims of the internal clashes between factions of the SNA in Ras al-Ayn\/Ser\u00ea Kaniy\u00ea and Tall Abyad regions might be more than what have been mentioned, as Hevdesti-Synergy only publishes the verified and documented cases.<\/p>\n<p>&nbsp;<\/p>\n<ul style=\"text-align: justify;\">\n<li><strong>Intra-Factional Fighting Over Smuggling Routes: <\/strong><\/li>\n<\/ul>\n<p style=\"text-align: justify;\">On 9 January 2022, an internal fight broke out in Ras al-Ayn\/Ser\u00ea Kaniy\u00ea city between fighters of al-Hamzat Division and the Military Police, which are affiliated with the opposition SNA. The fighting concentrated in al-Kana\u2019es and al-\u2018Abra streets, and in al-Mahta al-Shamali neighborhood, where machine guns were used.<\/p>\n<p style=\"text-align: justify;\">The fighting lasted few hours, injuring one fighter of the al-Hamzat Division, according to the testimony of a woman from al-Mahta al-Shamali neighborhood in Ras al-Ayn\/Ser\u00ea Kaniy\u00ea. She narrated to Hevdesti-Synergy<a href=\"#_ftn14\" name=\"_ftnref14\">[14]<\/a>:<\/p>\n<p style=\"text-align: justify;\"><strong>\u201cOne fighter of al-Hamzat Division was shot in the foot. I knew about his injury because he lived in a house, which he had seized from a Kurdish family who fled following Peace Spring Operation, and I also live in the same street with my family. Days after his injury, his wife informed me that the fight had arisen as a result of dispute over stationing in a border point that is used for human trafficking and transporting people illegally to Turkey in exchange for money.\u201d<\/strong><\/p>\n<p>&nbsp;<\/p>\n<ul style=\"text-align: justify;\">\n<li><strong>Drug Dealing Causes an Internal Fight Between SNA Fighters: <\/strong><\/li>\n<\/ul>\n<p style=\"text-align: justify;\">On 9 February 2022, another internal fight broke out between fighters of al-Hamzat Division and fighters of the Military Police on the one hand and between fighters of Sultan Murad Division and Tajammu Ahrar al-Sharqiya on the other hand in Ras al-Ayn\/Ser\u00ea Kaniy\u00ea city.<\/p>\n<p style=\"text-align: justify;\">A member of the Civil Police, a faction that was not a part of the internal fight and which attempted to subsidize it, told Hevdesti-Synergy that clashes broke out because of internal disputes over drug dealing in the region.<a href=\"#_ftn15\" name=\"_ftnref15\">[15]<\/a> He continued saying:<\/p>\n<p style=\"text-align: justify;\"><strong>\u201cA patrol of the Military Police seized a few members of the Sultan Murad Division who were drugs dealers in partnership with other members of Tajammu Ahrar al-Sharqiya in al-Horana\/Zorava neighborhood. When the Military Police attempted to arrest them, they fired at the patrol and injured one of the police officers who then retreated. After that, al-Hamzat Division intervened to support the Military Police given the clashes extended to the areas under its control near al-Kana\u2019es street.\u201d<\/strong><\/p>\n<p style=\"text-align: justify;\">The clashes lasted until late night, injuring one member of the Military Police and two fighters from the Sultan Murad Division.<\/p>\n<p>&nbsp;<\/p>\n<ul style=\"text-align: justify;\">\n<li><strong>Direct Shooting at Protesters, Including Women and Children:\u00a0 <\/strong><\/li>\n<\/ul>\n<p style=\"text-align: justify;\">In March 2022, seven internal fights broke out between factions of the SNA, authorized by Turkey to run the area between Ras al-Ayn\/Ser\u00ea Kaniy\u00ea and Tall Abyad (Peace Spring territory). The internal fighting caused the death of four fighters and injured 25 others.<\/p>\n<p style=\"text-align: justify;\">\u00a0In early March, an Iraqi national civilian was assassinated by two gunmen riding a motorcycle in the middle of Ras al-Ayn\/Ser\u00ea Kaniy\u00ea city. The security services of the SNA did not uncover identity of the killed person nor details of the crime. Hevdesti-Synergy documented that at least 55 Iraqi families of the Islamic State (IS) militants\u2019 families reside in houses, owned by forcibly displaced persons, and were seized in the two neighborhoods of al-Horana\/Zorava and Zaradasht in Ras al-Ayn\/Ser\u00ea Kaniy\u00ea city.<a href=\"#_ftn16\" name=\"_ftnref16\">[16]<\/a><\/p>\n<p style=\"text-align: justify;\">On 14 March 2022, Ibrahim Ismael al-Khedr,<a href=\"#_ftn17\" name=\"_ftnref17\">[17]<\/a> 10, was injured when members of al-Hamzat Division fired live bullets on protesters in Tall Arqam village, west of Ras al-Ayn\/Ser\u00ea Kaniy\u00ea. The protesters demanded the end of lootings and property seizure.<\/p>\n<p style=\"text-align: justify;\">The boy was severely injured and was transported to the hospital according to a member of his family<a href=\"#_ftn18\" name=\"_ftnref18\">[18]<\/a>\u00a0 who said that the villagers gathered to protest after fighters of al-Hamzat Division, operating under Hayat Thaeroon for Liberation, attempted to steal power cables from the village. The boy\u2019s relative narrated:<\/p>\n<p style=\"text-align: justify;\"><strong>\u201cAt the dawn of that day, fighters of \u201cal-Hamzat\u201d Division attempted to steal power cables from the village\u2019s electricity transformer. But they fled away when they were discovered. Then, tens of villagers, including women and children, gathered in front of a military point of al-Hamzat Division, protesting their repeated looting and forcible appropriation of populations\u2019 property. Fighters of the division directly fired live bullets on the protesters to disperse them, and Ibrahim was therefore injured.\u201d\u00a0 <\/strong><\/p>\n<p style=\"text-align: justify;\">Ibrahim was transferred to the public hospital located in Ras al-Ayn\/Ser\u00ea Kaniy\u00ea until he got well, according to the eyewitness.<\/p>\n<div id=\"attachment_2159\" style=\"width: 633px\" class=\"wp-caption aligncenter\"><img decoding=\"async\" aria-describedby=\"caption-attachment-2159\" class=\" wp-image-2159\" src=\"https:\/\/hevdesti.org\/wp-content\/uploads\/2022\/08\/FB_IMG_1658953196783-1-300x179.jpg\" alt=\"\" width=\"623\" height=\"372\" srcset=\"https:\/\/hevdesti.org\/wp-content\/uploads\/2022\/08\/FB_IMG_1658953196783-1-300x179.jpg 300w, https:\/\/hevdesti.org\/wp-content\/uploads\/2022\/08\/FB_IMG_1658953196783-1-585x349.jpg 585w, https:\/\/hevdesti.org\/wp-content\/uploads\/2022\/08\/FB_IMG_1658953196783-1.jpg 643w\" sizes=\"(max-width: 623px) 100vw, 623px\" \/><p id=\"caption-attachment-2159\" class=\"wp-caption-text\">Image no (01)- showing residents of Tall Arqam village in the west countryside of Ras al-Ayn\/Ser\u00ea Kaniy\u00ea gathering around vehicles belong to al-Hamzat Division on 14 March 2022 protesting against the division\u2019s fighters\u2019 attempt to loot power cables from the village. Photo credit: local activists<\/p><\/div>\n<p style=\"text-align: justify;\">A week later, on 21 March 2022, Nadim al-Zawan, a fighter of al-Hamzat Division, was killed when members of Liwa Shuhada\u2019a Badr, which is affiliated to al-Hamzat Division, fired bullets on a checkpoint run by the division in the village of <a href=\"https:\/\/www.google.nl\/maps\/place\/%D8%A7%D9%84%D8%B9%D8%B2%D9%8A%D8%B2%D9%8A%D8%A9%D8%8C+%D8%B3%D9%88%D8%B1%D9%8A%D8%A7%E2%80%AD\/@36.7914838,39.9877239,2629m\/data=!3m2!1e3!4b1!4m13!1m7!3m6!1s0x154a8755baff3ac9:0x9c45b1bad25ae374!2z2LHYo9izINin2YTYudmK2YbYjCDYs9mI2LHZitin!3b1!8m2!3d36.8481076!4d40.0786867!3m4!1s0x15358760558f2c01:0x43c3f1bc0dd0696!8m2!3d36.7908486!4d39.9786687?hl=ar\">al-Aziziya<\/a> west of Ras al-Ayn\/Ser\u00ea Kaniy\u00ea as a result of an internal fight between the two groups.<\/p>\n<p style=\"text-align: justify;\">A person from the village who witnessed the clashing told Hevdesti-Synergy that there was a dispute over dividing power and royalty revenues collected from human trafficking and transporting people to Turkey<a href=\"#_ftn19\" name=\"_ftnref19\">[19]<\/a>\u00a0 illegally. He went on saying:<\/p>\n<p style=\"text-align: justify;\"><strong>\u201cClashing broke out between two groups, one is commanded by Abu Hamid al-Harbi affiliated with al-Hamzat Division, and the other is commanded by Abu Iskander al-Deri affiliated with Liwa Shuhada\u2019a Badr. The first group attempted to seize a checkpoint, run by the latter in the village, which imposes royalties on people wishing to cross to Turkey illegally as some armed groups of the SNA, specifically \u2018al-Hamzat\u2019 Division, the 20<sup>th<\/sup> Division, and Tajammu Ahrar al-Sharqiya, snuggle people to Turkey for money.\u201d<\/strong><\/p>\n<div id=\"attachment_2167\" style=\"width: 628px\" class=\"wp-caption aligncenter\"><img decoding=\"async\" aria-describedby=\"caption-attachment-2167\" class=\" wp-image-2167\" src=\"https:\/\/hevdesti.org\/wp-content\/uploads\/2022\/08\/\u0646\u062f\u064a\u0645-\u0627\u0644\u0632\u0648\u0627\u0646-1-300x178.jpg\" alt=\"\" width=\"618\" height=\"366\" srcset=\"https:\/\/hevdesti.org\/wp-content\/uploads\/2022\/08\/\u0646\u062f\u064a\u0645-\u0627\u0644\u0632\u0648\u0627\u0646-1-300x178.jpg 300w, https:\/\/hevdesti.org\/wp-content\/uploads\/2022\/08\/\u0646\u062f\u064a\u0645-\u0627\u0644\u0632\u0648\u0627\u0646-1.jpg 661w\" sizes=\"(max-width: 618px) 100vw, 618px\" \/><p id=\"caption-attachment-2167\" class=\"wp-caption-text\">Image No (02)- showing the body of a fighter of al-Hamzat Division known as Nadim al-Zawan who was killed on 21 March 2022 as a result of internal fighting with Liwa Shuhada\u2019a Badr in the village of al-Aziziya, west of Ras al-Ayn\/Ser\u00ea Kaniy\u00ea. photo credit: local Facebook accounts.<\/p><\/div>\n<p style=\"text-align: justify;\">Al-Hamzat Division was a party in all the intra-factional fighting that broke out in \u201cPeace Spring\u201d territory over March 2022. The last internal clash was on 30 March in Ras al-Ayn\/Ser\u00ea Kaniy\u00ea between al-Hamzat Division on one hand and the 20<sup>th<\/sup> Division on the other hand. Ahrar al-Qa\u2019qa\u2019\/al-Qa\u2019qa\u2019 faction split from al-Hamzat Division and joined the 20<sup>th<\/sup> Division. So, clashes with machine guns broke out in al-Kana\u2019es street and the streets adjacent to it. Three fighters were therefore killed, and 11 others were injured from both sides.<\/p>\n<p style=\"text-align: justify;\">The internal clashes took place between the houses of civilians, some of whom displaced temporarily to safer neighborhoods fearing death during clashes, including Qasim al-Sufi. He witnessed the first hours of the clashes and told Hevdesti-Synergy that armed men of al-Hamzat Division stole houses during the civilians\u2019 temporary displacement.<\/p>\n<p style=\"text-align: justify;\">As soon as the clashes ended, al-Hamzat Division started to storm civilians\u2019 houses. About this, al-Sufi said:<a href=\"#_ftn20\" name=\"_ftnref20\">[20]<\/a><\/p>\n<p style=\"text-align: justify;\"><strong>\u201cAs soon as the clashing ended, security officers of al-Hamzat Division started to storm and search houses in al-Kana\u2019es street and the nearby streets alleging that the people there were biased to the enemy faction. Three civilians were arrested on charges of leaking information to the 20<sup>th<\/sup> Division. None of the residents dared to object or even lodge a complaint because of the absence of accountability in the SNA-held areas.\u201d<\/strong><\/p>\n<p>&nbsp;<\/p>\n<ul style=\"text-align: justify;\">\n<li><strong>Turkey Turns a Blind Eye to the Intra-Factional SNA Clashes:<\/strong><\/li>\n<\/ul>\n<p style=\"text-align: justify;\">April, which marked the holy month of Ramada, saw the biggest toll of internal clashes between factions of the opposition SNA, where eight clashes took place, killing eight people and injuring 26 others, including two civilians.<\/p>\n<p style=\"text-align: justify;\">On 20 April 2022, an internal clash broke out between fighters of Hayat Thaeroon for Liberation<a href=\"#_ftn21\" name=\"_ftnref21\">[21]<\/a> and the Military Police in Ras al-Ayn\/Ser\u00ea Kaniy\u00ea. Security forces of Hayat Thaeroon for Liberation had arrested a member of the Military Police in Mabrouka town, west of Ras al-Ayn.<\/p>\n<p style=\"text-align: justify;\">Hevdesti-Synergy verified the participation of al-Hamzat Division\u2019s fighters and others from the SNA, who are originally from the \u201cAl-Akidat\u201d tribe and since they are bound by virtue of tribal kinship, in the fighting alongside the Military Police against Hayat Thaeroon for Liberation. The fight extended to other parts of the city and caused the death of one fighter of al-Hamzat Division and injured three others from both sides.<\/p>\n<p style=\"text-align: justify;\">Two days later, on 22 April 2022, a bloody fighting broke out between members of the Civil Police and fighters of Hayat Thaeroon for Liberation in\u00a0 Ras al-Ayn\/Ser\u00ea Kaniy\u00ea city. Security officers of Hayat Thaeroon for Liberation arrested five members of the Civil Police who had attacked the brother of one of the security officers in his own grocery shop after he refused to sell them on credit. The security officers shaved the hair of three arrested members of the Civil Police and released the other two.<\/p>\n<div id=\"attachment_2157\" style=\"width: 613px\" class=\"wp-caption aligncenter\"><img decoding=\"async\" aria-describedby=\"caption-attachment-2157\" class=\" wp-image-2157\" src=\"https:\/\/hevdesti.org\/wp-content\/uploads\/2022\/08\/\u0662\u0660\u0662\u0662\u0660\u0667\u0662\u0667_\u0662\u0660\u0660\u0663\u0660\u0668-1-300x225.jpg\" alt=\"\" width=\"603\" height=\"452\" srcset=\"https:\/\/hevdesti.org\/wp-content\/uploads\/2022\/08\/\u0662\u0660\u0662\u0662\u0660\u0667\u0662\u0667_\u0662\u0660\u0660\u0663\u0660\u0668-1-300x225.jpg 300w, https:\/\/hevdesti.org\/wp-content\/uploads\/2022\/08\/\u0662\u0660\u0662\u0662\u0660\u0667\u0662\u0667_\u0662\u0660\u0660\u0663\u0660\u0668-1.jpg 562w\" sizes=\"(max-width: 603px) 100vw, 603px\" \/><p id=\"caption-attachment-2157\" class=\"wp-caption-text\">Image no (03)- showing the highway in Ras al-Ayn\/Ser\u00ea Kaniy\u00ea\u2019s market empty of people on 22 April 2022 during the clash\u00a0 between members of the Civil Police and fighters of Hayat Thaeroon for Liberation. Photo credit: local activists<\/p><\/div>\n<p style=\"text-align: justify;\">The clash killed six fighters on both sides, including Abul Karim al-Mawali, a commander in Hayat Thaeroon for Liberation, after he was critically injured. Additionally, 13 fighters were wounded, and at least two civilians, were injured.<\/p>\n<p style=\"text-align: justify;\">The clash created crossfire at the same time when \u201cMarwa Issa\u201d and her children were shopping to buy clothes and supplies for Eid. The gunfire spread terror in the market, which was packed with people during the last week of the holy month of Ramadan.<\/p>\n<p style=\"text-align: justify;\">Issa, a Syrian displaced woman from Homs city and was transported by the Turkish forces along with her family from Jarablus city to Ras al-Ayn\/Ser\u00ea Kaniy\u00ea following Operation Peace Spring, expressed her resentment to Hevdesti-Synergy about the armed chaos in the SNA-held areas. She said:<a href=\"#_ftn22\" name=\"_ftnref22\">[22]<\/a><\/p>\n<p style=\"text-align: justify;\"><strong>\u201cThe armed clashes broke out near al-Barid Roundabout and Haj Wasfi shop complex, which are usually packed with shoppers. Then the clashes extended to the northern neighborhood of the city. Civilians were terrified, especially women and children.\u00a0 A young man standing near us got a leg injury, so we hid inside the shop complex until it was nearly time for iftar [the breaking of the fast] and the Turkish patrols intervened to disengage the clashes.\u201d<\/strong><\/p>\n<p style=\"text-align: justify;\">According to Issa, the majority of the internal clashing\/fighting among the SNA-affiliated factions take place nearby the Turkish forces but they turn a blind eye to them. She justified the reason for their <a href=\"https:\/\/fb.watch\/ewSJ9ErJ1T\/\">intervention<\/a> to resolve the recent clash, saying<a href=\"#_ftn23\" name=\"_ftnref23\">[23]<\/a>:<\/p>\n<p style=\"text-align: justify;\"><strong>\u201cThe Turkish forces intervened only because the internal clashing coincided with the arrival of Abdullah Erin, governor of Turkey\u2019s \u015eanl\u0131urfa city, to Ras al-Ayn\/Ser\u00ea Kaniy\u00ea to attend a collective meal.\u201d<\/strong><\/p>\n<p style=\"text-align: justify;\">Hevdesti-Synergy verified the visit of <a href=\"https:\/\/www.facebook.com\/abdullah.erin1\">Abdullah Erin<\/a>, governor of \u015eanl\u0131urfa, to the Ras al-Ayn\/Ser\u00ea Kaniy\u00ea in the evening of 22 April 2022 simultaneously with the internal fighting between the Civil Police and Hayat Thaeroon for Liberation. In the early hours of morning, 23 April 2022, the governor <a href=\"https:\/\/www.facebook.com\/100047067309334\/posts\/pfbid0r1WRGNvkYaFyG8Lc5ETUFpT3QTVmAUPP5Nn4C1re3pcxQJyEjjBRaZDWFBZFfm5Dl\/\">posted<\/a> on his Facebook account<a href=\"#_ftn24\" name=\"_ftnref24\">[24]<\/a> a photo of him visiting Ras al-Ayn and meeting the <a href=\"https:\/\/m.facebook.com\/login.php?next=https%3A%2F%2Fm.facebook.com%2Frasulayn2019%2F&amp;refsrc=deprecated&amp;_rdr\">Ras al-Ayn Local Council<\/a>, affiliated with the Syrian Interim Government (SIG)\/the opposition Syrian National Council (SNC), and joining a collective meal<a href=\"#_ftn25\" name=\"_ftnref25\">[25]<\/a>. In turn, the Ras al-Ayn Local Council <a href=\"https:\/\/www.facebook.com\/login\/?next=https%3A%2F%2Fwww.facebook.com%2Fstory.php%3Fstory_fbid%3Dpfbid02AyoNTVXDhufXQNge4wzcr4P4Y5UFy6XWqfYodftaYi3DwcDGHtCz7dTJochwNqwQl%26id%3D395738651259247\">posted<\/a> on its official Facebook account a photo showing the Turkish governor\u2019s visit.<\/p>\n<div id=\"attachment_2169\" style=\"width: 437px\" class=\"wp-caption aligncenter\"><img decoding=\"async\" aria-describedby=\"caption-attachment-2169\" class=\" wp-image-2169\" src=\"https:\/\/hevdesti.org\/wp-content\/uploads\/2022\/08\/WhatsApp-Image-2022-07-28-at-3.18.32-AM-1-203x300.jpeg\" alt=\"\" width=\"427\" height=\"631\" srcset=\"https:\/\/hevdesti.org\/wp-content\/uploads\/2022\/08\/WhatsApp-Image-2022-07-28-at-3.18.32-AM-1-203x300.jpeg 203w, https:\/\/hevdesti.org\/wp-content\/uploads\/2022\/08\/WhatsApp-Image-2022-07-28-at-3.18.32-AM-1-768x1133.jpeg 768w, https:\/\/hevdesti.org\/wp-content\/uploads\/2022\/08\/WhatsApp-Image-2022-07-28-at-3.18.32-AM-1-694x1024.jpeg 694w, https:\/\/hevdesti.org\/wp-content\/uploads\/2022\/08\/WhatsApp-Image-2022-07-28-at-3.18.32-AM-1-585x863.jpeg 585w, https:\/\/hevdesti.org\/wp-content\/uploads\/2022\/08\/WhatsApp-Image-2022-07-28-at-3.18.32-AM-1.jpeg 868w\" sizes=\"(max-width: 427px) 100vw, 427px\" \/><p id=\"caption-attachment-2169\" class=\"wp-caption-text\">Image no (04)- showing the photos posted by Abdullah Erin, governor Turkey\u2019s city of \u015eanl\u0131urfa posted on the dawn of 23 April 2022. In the photos, he is talking about his visit to Ras al-Ayn\/Ser\u00ea Kaniy\u00ea. photo credit: Abdullah Erin\u2019s official Facebook account<\/p><\/div>\n<ul style=\"text-align: justify;\">\n<li><strong>Absence of Effective Remedies to Victims in \u201cPeace Spring\u201d Territories:<\/strong><\/li>\n<\/ul>\n<p style=\"text-align: justify;\">In May 2022, four intra-factional clashes broke out between the SNA\u2019s factions. One civilian was killed and at least six others were injured. Five fighters of the warring factions were also killed and 16 others were injured.<\/p>\n<p style=\"text-align: justify;\">On 4 May 2022, the third day of Eid al-Fitr, the civilian Thamer al-Tariha, a displaced man from \u201cAl-Shaitat\u201d tribe in Deir ez-Zor countryside, was killed in a shooting between fighters of Tajammu Ahrar al-Sharqiya and other fighters of the Military Police in the village of <a href=\"https:\/\/www.google.nl\/maps\/place\/%D8%A7%D9%84%D8%B1%D8%A7%D9%88%D9%8A%D8%A9%E2%80%AD\/@36.7069692,39.8791271,8726m\/data=!3m1!1e3!4m12!1m6!3m5!1s0x15369d4016a392d1:0xf5d0a6847f42ace0!2z2LPZhNmI2YMg2KfZhNmC2K_ZitmF2Kk!8m2!3d36.5819479!4d39.127982!3m4!1s0x15358dc411cfbd11:0xf7e29b06400caa01!8m2!3d36.729354!4d39.8175973?hl=ar\">al-Rawiya<\/a>, west of Ras al-Ayn\/Ser\u00ea Kaniy\u00ea. The Military Police caught a human trafficking operation to Turkey by Tajammu Ahrar al-Sharqiya. The clash also killed a fighter of Tajammu Ahrar al-Sharqiya and injured another one form for the Military Police.<\/p>\n<p style=\"text-align: justify;\">A farmer from al-Rawiya, who was near the scene and witnessed the death of the civilian Thamer al-Tariha, narrated to Hevdesti-Synergy details of the incident.<a href=\"#_ftn26\" name=\"_ftnref26\">[26]<\/a><\/p>\n<p style=\"text-align: justify;\"><strong>\u201cThamer was on his motorcycle waiting for someone when the shooting started out of the blue near him. He was shot with a few bullets and immediately died although the shooting lasted less than half an hour.\u201d<\/strong><\/p>\n<div id=\"attachment_2163\" style=\"width: 502px\" class=\"wp-caption aligncenter\"><img decoding=\"async\" aria-describedby=\"caption-attachment-2163\" class=\" wp-image-2163\" src=\"https:\/\/hevdesti.org\/wp-content\/uploads\/2022\/08\/\u0642\u0628\u0631-\u062b\u0627\u0645\u0631-\u0627\u0644\u0637\u0631\u064a\u062d\u0629-1-230x300.jpg\" alt=\"\" width=\"492\" height=\"642\" srcset=\"https:\/\/hevdesti.org\/wp-content\/uploads\/2022\/08\/\u0642\u0628\u0631-\u062b\u0627\u0645\u0631-\u0627\u0644\u0637\u0631\u064a\u062d\u0629-1-230x300.jpg 230w, https:\/\/hevdesti.org\/wp-content\/uploads\/2022\/08\/\u0642\u0628\u0631-\u062b\u0627\u0645\u0631-\u0627\u0644\u0637\u0631\u064a\u062d\u0629-1.jpg 528w\" sizes=\"(max-width: 492px) 100vw, 492px\" \/><p id=\"caption-attachment-2163\" class=\"wp-caption-text\">Image no (05)- showing a member from \u201cAl-Shaitat\u201d tribe in Deir ez-Zor, who is also a fighter of the SNA,\u00a0 sitting beside Thamer al-Tariha\u2019s grave in Ras al-Ayn\/Ser\u00ea Kaniy\u00ea. Al-Tariha was killed on 4 May 2022 as internal fighting broke out between fighters of the Military Police and Tajammu Ahrar al-Sharqiya in al-Rawiya village. Photo credit: local activists<\/p><\/div>\n<p style=\"text-align: justify;\">Ten days later, on 14 May 2022, an SNA fighter, identified as Salih al- Muhammad, hailed from al-Susah village in Deir ez-Zor countryside, was shot dead in the middle of Ras al-Ayn\/Ser\u00ea Kaniy\u00ea. The perpetrators are unknown.<\/p>\n<p style=\"text-align: justify;\">The SNA disclosed no information concerning the incident. However, Munzer Ghali, a displaced man from Homs who lives in Ras al-Ayn\/Ser\u00ea Kaniy\u00ea, told Hevdesti-Synergy that the crime was committed near al-Diwan Square in the city center. He continued as saying:<a href=\"#_ftn27\" name=\"_ftnref27\">[27]<\/a><\/p>\n<p style=\"text-align: justify;\"><strong>\u201cAs soon as Salih got out of his car, he was shot directly in the abdomen with two bullets from a vehicle (Hyundai Santa Fe), and he died from his injuries.\u201d<\/strong><\/p>\n<p style=\"text-align: justify;\">On 18 May 2022, sporadic internal fighting broke out and lasted for a whole day between fighters of the Military Police on the one hand and the Civil Police on the other hand in Ras al-Ayn\/Ser\u00ea Kaniy\u00ea on the road linking al-Barid Roundabout and al-Jozah\/al-A\u2019alaf Roundabout on Tell Halaf town road.<\/p>\n<p style=\"text-align: justify;\">According to the information obtained and verified by \u201cHevdesti-Synergy\u201d, one fighter of the Civil Police was killed, and three others were injured. Two civilians were also injured, including Muhammed Naser al-Abdullah, who suffered serious injuries.<\/p>\n<p style=\"text-align: justify;\">The most violent internal fighting in Ras al-Ayn\/Ser\u00ea Kaniy\u00ea over the first half of 2022 started in the early hours of 25 May. Gunmen from \u201cAl-Akidat\u201d tribe, who are also fighters of with the SNA, attacked some of al-Hamzat Division-affiliated groups, whose members are from the \u201cAl-Muwali\u201d tribe. The fighting was because a commander known as Abu Homsi al-Muwali in Khalid al-Abdulla Division, affiliated with the al-Hamzat Division, had killed the young man Muhammad al-\u2018Awad al-Da\u2019ar, a fighter of the SNA and also a member from \u201cAl-Akidat\u201d tribe in the east countryside of Deir ez-Zor.<\/p>\n<p style=\"text-align: justify;\">For revenge, as described by members of \u201cAl-Akidat\u201d tribe in audio recordings published on groups on WhatsApp and Telegram, the tribe gathered all gunmen loyal to them in Ras al-Ayn\/Ser\u00ea Kaniy\u00ea and its countryside and launched a wide attack with light and medium weapons on headquarters run by groups affiliated with \u201cAl-Muwali\u201d tribe primarily in the al-Hamzat Division.<\/p>\n<p style=\"text-align: justify;\">A <a href=\"https:\/\/www.facebook.com\/HASAKHNNEWS\/videos\/706033090605476\/?extid=CL-UNK-UNK-UNK-AN_GK0T-GK1C-GK2C\">video<\/a> filmed on 25 May 2022, documented clashing between the two sides near Ibn Khaldoon high school in al-Mahta al-Shamali neighborhood. The video clearly shows the use of machine guns and RPGs among the residential neighborhoods.<\/p>\n<p style=\"text-align: justify;\">As a result of the clashes, gunmen from \u201cAl-Akidat\u201d tribe quickly took over several neighborhoods in Ras al-Ayn\/Ser\u00ea Kaniy\u00ea city and some villages in the west and south countryside, amid fear and panic among civilians, especially women and children. Dozens of families temporarily displaced outside the city and some of them were housed in al-Amin Hall for Weddings located on al-Hasakah highway south of Ras al-Ayn. At least four civilians, including a woman and a child, were injured during the clashing.<\/p>\n<p style=\"text-align: justify;\">Another victim of the clashing was a Turkish woman, Kar Piyaz Dimir, 40, who lives in Turkey\u2019s Ceylanpinar city, adjacent to Syria\u2019s Ras al-Ayn\/Ser\u00ea Kaniy\u00ea. A stray bullet coming from the direction of Syria\u2019s Ras al-Ayn hit her neck and she was moved to the state hospital in Ceylanpinar for treatment, according to Turkish <a href=\"https:\/\/www.urfadasin.com\/suriyeden-gelen-mermiyle-yine-bir-kisi-yaralandi\">media utlets<\/a>.<\/p>\n<div id=\"attachment_2165\" style=\"width: 635px\" class=\"wp-caption aligncenter\"><img decoding=\"async\" aria-describedby=\"caption-attachment-2165\" class=\" wp-image-2165\" src=\"https:\/\/hevdesti.org\/wp-content\/uploads\/2022\/08\/\u0643\u0627\u0631-\u0628\u064a\u0627\u0632-\u062f\u064a\u0645\u064a\u0631-300x178.jpg\" alt=\"\" width=\"625\" height=\"371\" srcset=\"https:\/\/hevdesti.org\/wp-content\/uploads\/2022\/08\/\u0643\u0627\u0631-\u0628\u064a\u0627\u0632-\u062f\u064a\u0645\u064a\u0631-300x178.jpg 300w, https:\/\/hevdesti.org\/wp-content\/uploads\/2022\/08\/\u0643\u0627\u0631-\u0628\u064a\u0627\u0632-\u062f\u064a\u0645\u064a\u0631-768x457.jpg 768w, https:\/\/hevdesti.org\/wp-content\/uploads\/2022\/08\/\u0643\u0627\u0631-\u0628\u064a\u0627\u0632-\u062f\u064a\u0645\u064a\u0631-585x348.jpg 585w, https:\/\/hevdesti.org\/wp-content\/uploads\/2022\/08\/\u0643\u0627\u0631-\u0628\u064a\u0627\u0632-\u062f\u064a\u0645\u064a\u0631.jpg 790w\" sizes=\"(max-width: 625px) 100vw, 625px\" \/><p id=\"caption-attachment-2165\" class=\"wp-caption-text\">Image no (06)- showing the Turkish lady Kar Piyaz Dimir receiving treatment in the state hospital in Turkey\u2019s Ceylanpinar city after she was injured with a stray bullet coming from the direction of Syria\u2019s Ras al-Ayn\/Ser\u00ea Kaniy\u00ea on the Turkish border due to internal fighting between gunmen of \u201cAl-Akidat\u201d tribe and others of \u201cAl-Muwali\u201d tribe. photo credit:\u00a0 the Turkish website urfadasin<\/p><\/div>\n<p style=\"text-align: justify;\">Additionally, Abdurrahman Kaji, a resident of Ras al-Ayn\/Ser\u00ea Kaniy\u00ea was injured with a shrapnel in the face. Gun machines and RPGs were used in the clashing, causing huge material damage to the residents\u2019 houses and cars.<\/p>\n<p style=\"text-align: justify;\">The clash killed three fighters and injured eight others of al-Hamzat Division, who are also members of \u201cAl-Muwali\u201d tribe. Three fighters of the SNA who are at the same time members of the \u201cAl-Akidat\u201d tribe were also injured.<\/p>\n<p style=\"text-align: justify;\">A civilian whose house was damaged in the fighting told Hevdesti-Synergy that he lodged a complaint to the Military Police and to the Ras al-Ayn Local Council demanding repairs to his house, but instead he was mocked. He narrated as saying:<a href=\"#_ftn28\" name=\"_ftnref28\">[28]<\/a><\/p>\n<p style=\"text-align: justify;\"><strong>\u201cAn artillery rocket hit my house in Zaradasht neighborhood during the last clashing and I am very thankful to God that none of my family got hurt. After the clashing subsided, I filed a complaint to the Military Police and another one to the Ras al-Ayn Local Council against the warring factions. I demanded repairs to my house, so we could go back to it again, but they mocked me. One member of the Ras al-Ayn Local Council told me, taunting: \u2018Go home. It is good that you and your family are well\u2019.\u201d<\/strong><\/p>\n<p><img decoding=\"async\" class=\" wp-image-2133 aligncenter\" src=\"https:\/\/hevdesti.org\/wp-content\/uploads\/2022\/08\/WhatsApp-Image-2022-07-21-at-8.38.10-PM-1-300x225.jpeg\" alt=\"\" width=\"619\" height=\"465\" srcset=\"https:\/\/hevdesti.org\/wp-content\/uploads\/2022\/08\/WhatsApp-Image-2022-07-21-at-8.38.10-PM-1-300x225.jpeg 300w, https:\/\/hevdesti.org\/wp-content\/uploads\/2022\/08\/WhatsApp-Image-2022-07-21-at-8.38.10-PM-1-585x438.jpeg 585w, https:\/\/hevdesti.org\/wp-content\/uploads\/2022\/08\/WhatsApp-Image-2022-07-21-at-8.38.10-PM-1.jpeg 710w\" sizes=\"(max-width: 619px) 100vw, 619px\" \/><\/p>\n<div id=\"attachment_2161\" style=\"width: 626px\" class=\"wp-caption aligncenter\"><img decoding=\"async\" aria-describedby=\"caption-attachment-2161\" class=\" wp-image-2161\" src=\"https:\/\/hevdesti.org\/wp-content\/uploads\/2022\/08\/WhatsApp-Image-2022-07-21-at-8.38.10-PM-2-300x225.jpeg\" alt=\"\" width=\"616\" height=\"462\" srcset=\"https:\/\/hevdesti.org\/wp-content\/uploads\/2022\/08\/WhatsApp-Image-2022-07-21-at-8.38.10-PM-2-300x225.jpeg 300w, https:\/\/hevdesti.org\/wp-content\/uploads\/2022\/08\/WhatsApp-Image-2022-07-21-at-8.38.10-PM-2-585x440.jpeg 585w, https:\/\/hevdesti.org\/wp-content\/uploads\/2022\/08\/WhatsApp-Image-2022-07-21-at-8.38.10-PM-2.jpeg 720w\" sizes=\"(max-width: 616px) 100vw, 616px\" \/><p id=\"caption-attachment-2161\" class=\"wp-caption-text\">Image no (07) and (08)- showing some of the damage inflicted to residents\u2019 houses and cars in Zaradasht neighborhood in Ras al-Ayn\/Ser\u00ea Kaniy\u00ea on 25 May 2022 as a result of internal fighting between gunmen of \u201cAl-Akidat\u201d tribe and others of \u201cal-Muwali\u201d tribe, who are fighters of the SNA in Ras al-Ayn. Photo credit: local activists<\/p><\/div>\n<ul style=\"text-align: justify;\">\n<li><strong>A Jeweler Killed at Midday During a Theft: <\/strong><\/li>\n<\/ul>\n<p style=\"text-align: justify;\">In June 2022, two cases of internal clashes broke out in Ras al-Ayn\/Ser\u00ea Kaniy\u00ea, where two fighters were killed and five others were injured. In late June, a jeweler was killed by anonymous gunmen during a robbery.<\/p>\n<p style=\"text-align: justify;\">Two days later, on 18 June 2022, a severe internal clash broke out between Tajammu Ahrar al-Sharqiya on one hand and al-Hamzat Division and the 20<sup>th<\/sup> Division on the other hand in Tal Dhiab village in the west of Ras al-Ayn\/Ser\u00ea Kaniy\u00ea. The fighting was due to prolonged conflict between the two sides to seize a fuel station and a farm belonging to people who were forcibly displaced. Light and medium weapons and artillery rockets were used in the clash, causing a temporary displacement of civilians in the area. Two fighters were killed and three were critically injured. As a consequence, Al-Hamzat Division took over headquarters of Tajammu Ahrar al-Sharqiya.<\/p>\n<p style=\"text-align: justify;\">On 30 June 2022, the jeweler Muhammad al-Barhawi, a Chechen man, was killed when two masked gunmen riding a motorcycle shot him in front of his house in Ras al-Ayn\/Ser\u00ea Kaniy\u00ea. Recorded videos<a href=\"#_ftn29\" name=\"_ftnref29\">[29]<\/a> from security surveillance cameras of al-Barhawi\u2019s house show how the masked gunmen stealing a bag from his hand.<\/p>\n<p style=\"text-align: justify;\">The next day, dozens of people demonstrated to bury al-Barhawi, protesting against the state of insecurity and armed chaos which has spread in the region since Turkey occupied it and gave full control to the opposition SNA-affiliated factions.<\/p>\n<p style=\"text-align: justify;\">The protesters chanted \u201c<strong>Peace Spring, no security<\/strong>\u201d to indicate lack of safety in the \u201csafe area\u201d, demanding Turkey to control security and hold violators accountable.<\/p>\n<p>&nbsp;<\/p>\n<ul style=\"text-align: justify;\">\n<li><strong>Crossfire in Front of a Bakery Packed with Civilians: <\/strong><\/li>\n<\/ul>\n<p style=\"text-align: justify;\">In July, three internal fighting broke out between the SNA\u2019s factions in \u201cPeace Spring\u201d strip. One of the fighting erupted between fighters of Liwa Shuhada\u2019a Badr affiliated with al-Hamzat Division on the one hand and fighters of the Sultan Murad Division on the other hand due to disputes over queues to get bread in front a private bakery in Tell Halaf town.<\/p>\n<p style=\"text-align: justify;\">Machine guns were used in the clash on July 21, 2022, by fighters of the two warring parties amid the presence of people who gathered in front of the bakery to get bread. The clash injured two girls and two fighters of the SNA.<\/p>\n<p>&nbsp;<\/p>\n<ul style=\"text-align: justify;\">\n<li><strong>Young Man Killed in Internal Fighting Between Fighters of an Armed Group: <\/strong><\/li>\n<\/ul>\n<p style=\"text-align: justify;\">On August 10, 2022, the young man \u201cAboud al-Modhi\u201d died of injuries he sustained in a crossfire between two armed groups operating under the al-Hamzat Division in Ras al-Ayn\/Ser\u00ea Kaniy\u00ea.<\/p>\n<p style=\"text-align: justify;\">The internal fight broke out between two armed groups operating under the al-Hamzat Division. The first group is commanded by \u201cAbo Shihab al-Mawali\u201d and the second one comprises fighters from the Arab tribe \u201cAdwan\u201d. The latter attacked the military headquarter of the al-Mawali group in the village of Ayn al-Hisan in the south of Ras al-Ayn\/Ser\u00ea Kaniy\u00ea on the backdrop of arresting two persons from the Arab tribe \u201cAdwan\u201d. The fighting caused injuries from both sides.<\/p>\n<p>&nbsp;<\/p>\n<ul style=\"text-align: justify;\">\n<li><strong>Internal Fighting due to Arresting a Woman from \u201cAl-Akidat\u201d Tribe: <\/strong><\/li>\n<\/ul>\n<p style=\"text-align: justify;\">On October 11, 2022, a violent internal fight broke out between Tajammu Ahrar al-Sharqiya\u2019s fighters who belong to the \u201cAl-Akidat\u201d tribe and fighters of the Military Police in Ras al-Ayn\/Ser\u00ea Kaniy\u00ea city.<\/p>\n<p style=\"text-align: justify;\">Fighters who belong to the \u201cAl-Akidat\u201d tribe attacked the Military Police headquarter in Ras al-Ayn as the latter had arrested a woman from \u201cAl-Akidat\u201d tribe without disclosing the reason behind the arrest. Light and medium weapons, RPGs and mortar shells were used in the internal fighting.<\/p>\n<p style=\"text-align: justify;\">Tense prevailed in the city and its adjacent villages on the wake of arresting the woman. Fighters who belong to the \u201cAl-Akidat\u201d tribe attacked several points run by the Military Police, which in turn asked for support from other SNA\u2019s factions such as al-Hamzat Division. It should be mentioned that fighters of the Military Police in Ras al-Ayn\/Ser\u00ea Kaniy\u00ea are formed from the al-Hamzat Division.<\/p>\n<p style=\"text-align: justify;\">Although the civilians remined inside their gomes during the internal fight, crossfire and random shooting from both sides injured 10 civilians, including a woman. All of them were hospitalized for treatment.<\/p>\n<p>&nbsp;<\/p>\n<p>&#8212;&#8212;&#8212;&#8212;&#8212;&#8212;&#8212;&#8212;&#8212;&#8212;&#8212;<\/p>\n<p style=\"text-align: justify;\"><a href=\"#_ftnref1\" name=\"_ftn1\">[1]<\/a> The Interim Government\u2019s Ministry of Defense issued a <a href=\"https:\/\/www.enabbaladi.net\/archives\/564901\">circular<\/a> on controlling the carrying of weapons within its areas of control, Enab Baladi, April 13, 2022. (Last accessed: July 25, 2022).<\/p>\n<p style=\"text-align: justify;\"><a href=\"#_ftnref2\" name=\"_ftn2\">[2]<\/a> ICRC Commentary on GCII (2017), \u00a7 331.<\/p>\n<p style=\"text-align: justify;\"><a href=\"#_ftnref3\" name=\"_ftn3\">[3]<\/a> <a href=\"https:\/\/www.dailysabah.com\/politics\/turkeys-afad-sanliurfa-governorate-distribute-aid-in-northern-syria\/news\">Turkey\u2019s AFAD, \u015eanl\u0131urfa governorate distribute aid in northern Syria<\/a>, DAILY SABAH, 27 Nov 2020.<\/p>\n<p style=\"text-align: justify;\"><a href=\"#_ftnref4\" name=\"_ftn4\">[4]<\/a> <a href=\"https:\/\/www.dailysabah.com\/politics\/war-on-terror\/turkey-restores-water-supply-network-for-35-syrian-villages\">Turkey restores water supply network for 35 Syrian villages<\/a>, DAILY SABAH, 30 Dec 2020<\/p>\n<p style=\"text-align: justify;\"><a href=\"#_ftnref5\" name=\"_ftn5\">[5]<\/a> UN Human Rights Committee (HRC), CCPR General Comment No. 26: Continuity of Obligations, 8 December 1997, CCPR\/C\/21\/Rev.1\/Add.8\/Rev.1. \u00a74.<\/p>\n<p style=\"text-align: justify;\"><a href=\"#_ftnref6\" name=\"_ftn6\">[6]<\/a> ICJ, Legal Consequences of the Construction of a Wall in the Occupied Palestinian Territory, Advisory Opinion, ICJ Reports 2004, p. 136, \u00a7 106.<\/p>\n<p style=\"text-align: justify;\"><a href=\"#_ftnref7\" name=\"_ftn7\">[7]<\/a> ICJ, Armed Activities on the Territory of the Congo (Democratic Republic of the Congo v. Uganda), Judgment, 19 December 2005, ICJ Reports 2005, para. 178.<\/p>\n<p style=\"text-align: justify;\"><a href=\"#_ftnref8\" name=\"_ftn8\">[8]<\/a> Turkey has been a part of the ECHR since 18 May 1954.<\/p>\n<p style=\"text-align: justify;\"><a href=\"#_ftnref9\" name=\"_ftn9\">[9]<\/a> ECtHR, Al-Skeini et al. v. the United Kingdom, Application no. 55721\/07, Judgment (Grand Chamber), 7 July 2011, \u00a7\u00a7 131-140.<\/p>\n<p style=\"text-align: justify;\"><a href=\"#_ftnref10\" name=\"_ftn10\">[10]<\/a> Amy Austin Holmes: Syrian Yezidis Under Four Regimes: Assad, Erdogan, ISIS and the YPG, The Wilson Center\u2019s Middle East Program, No. 37 l July 2020. P.12: <a href=\"https:\/\/www.wilsoncenter.org\/publication\/syrian-yezidis-under-four-regimes-assad-erdogan-isis-and-ypg\">https:\/\/www.wilsoncenter.org\/publication\/syrian-yezidis-under-four-regimes-assad-erdogan-isis-and-ypg<\/a>.<\/p>\n<p style=\"text-align: justify;\"><a href=\"#_ftnref11\" name=\"_ftn11\">[11]<\/a> <a href=\"https:\/\/news.un.org\/ar\/story\/2019\/10\/1042501\">UNHCR<\/a>: More than 10,000 Syrians crossed the Iraqi border since the onset of the Turkish campaign on Northeast Syria, the United Nations, 25 October 2019. (Last accessed on 25 July 2022).<\/p>\n<p style=\"text-align: justify;\"><a href=\"#_ftnref12\" name=\"_ftn12\">[12]<\/a> The Independent International Commission of Inquiry on the Syrian Arab Republic, 28 January 2020, para 45, Document NO A\/HRC\/34\/57.<\/p>\n<p style=\"text-align: justify;\"><a href=\"#_ftnref13\" name=\"_ftn13\">[13]<\/a> Ibid.<\/p>\n<p style=\"text-align: justify;\"><a href=\"#_ftnref14\" name=\"_ftn14\">[14]<\/a>\u00a0\u00a0 The interview was conducted on 28 July 2022. Her name is withheld upon her request.<\/p>\n<p style=\"text-align: justify;\"><a href=\"#_ftnref15\" name=\"_ftn15\">[15]<\/a> Leaders of factions the SNA are accused of being involved in drug dealing in Turkish-held areas in Northern Syria.<\/p>\n<p style=\"text-align: justify;\"><a href=\"#_ftnref16\" name=\"_ftn16\">[16]<\/a> On 2 June 2022, the <a href=\"https:\/\/www.alkhabour.com\/ar\/news\/single\/1871\/%D9%85%D9%86%D8%B8%D9%85%D8%A9_%D8%AA%D8%B1%D9%83%D9%8A%D8%A9_%D8%AA%D9%86%D8%B3%D9%82_%D8%B9%D9%88%D8%AF%D8%A9_%D8%B9%D8%B4%D8%B1%D8%A7%D8%AA_%D8%A7%D9%84%D8%B9%D8%A7%D8%A6%D9%84%D8%A7%D8%AA_%D8%A7%D9%84%D8%B9%D8%B1%D8%A7%D9%82%D9%8A%D8%A9_%D9%85%D9%86_%D8%B1%D8%A3%D8%B3_%D8%A7%D9%84%D8%B9%D9%8A%D9%86_%D9%88%D8%AA%D9%84_%D8%A3%D8%A8%D9%8A%D8%B6\">Turkish Humanitarian Relief Foundation (iHH)<\/a> had moved 139 Iraqi families from Ras al-Ayn\/Ser\u00ea Kaniy\u00ea and Tall Abyad regions to Turkey in order to repatriate them to their own home country in coordination with the Iraqi consulate in Turkey\u2019s Gaziantep city and the Iraqi Migrants and Expats Office based in Istanbul.\u00a0 131 families out of them lived in Ras al-Ayn\/Ser\u00ea Kaniy\u00ea city. That was the second time the IHH moves Iraqi families from Peace Spring territory into Turkey. In September 2021, the IHH moved 57 Iraqi families to Turkey. For more information, please visit: A Turkish Organization Coordinates return of scores of Iraqi Families from Ras al-Ayn\/Ser\u00ea Kaniy\u00ea and Tall Abyad, al-Khabour, 2 June 2022.\u00a0 (Last accessed 18 July 2022).<\/p>\n<p style=\"text-align: justify;\"><a href=\"#_ftnref17\" name=\"_ftn17\">[17]<\/a>\u00a0\u00a0 <a href=\"https:\/\/m.facebook.com\/story.php?story_fbid=pfbid02SXDk8K6zUGzss9gKUDyCscDbiGDxyGzAnt5GCwYmRzxJzh2BNMkRsZZ8fx8wf1K7l&amp;id=1479743228931367\">Facebook accounts<\/a> and local websites reported that the boy\u2019s name was Mahmoud Ismael al-Khedr, but \u201cHevdesti-Synergy\u201d verified the name and details of the incident.<\/p>\n<p style=\"text-align: justify;\"><a href=\"#_ftnref18\" name=\"_ftn18\">[18]<\/a>\u00a0\u00a0 The interview was conducted on 15 March 2022. The witness\u2019s personal information is withheld for security reasons.<\/p>\n<p style=\"text-align: justify;\"><a href=\"#_ftnref19\" name=\"_ftn19\">[19]<\/a>Al-Aziziya village on the border with Turkey is in the west of Ras al-Ayn\/Ser\u00ea Kaniy\u00ea and has been a point for smuggling people into Turkey illegally since Turkey occupied the region in Operation Peace Spring in October 2019. The SNA-affiliated factions, in particularly al-Hamzat Division, the 20<sup>th<\/sup> Division, and Tajammu Ahrar al-Sharqiya, use the village to collect money by imposing royalties on the people wishing to cross illegally to Turkey. Besides, they use it to smuggle food stuff from and to areas under the control of the Syrian Democratic Forces (SDF).<\/p>\n<p style=\"text-align: justify;\"><a href=\"#_ftnref20\" name=\"_ftn20\">[20]<\/a> The interview was conducted virtually on 18 July 2022. A pseudonym was used based on the witness\u2019s willing.<\/p>\n<p style=\"text-align: justify;\"><a href=\"#_ftnref21\" name=\"_ftn21\">[21]<\/a> \u00a0\u00a0It is an alliance founded on 23 January 2022 as a result of integration of Thaeroon Movement, which is formed of nine factions of the SNA, most notably: The Sultan Murad Division, Suleiman Shah Brigade\/al-Amshat, and the Syrian Liberation Front\/SLF, which is formed of two factions: al-Hamzat Division and the Mu&#8217;tasim Division. The new formation known as Hayat Thaeroon for Liberation is commanded by Fahim Issa.<\/p>\n<p style=\"text-align: justify;\"><a href=\"#_ftnref22\" name=\"_ftn22\">[22]<\/a> The interview was conducted virtually on 15 July 2022. A pseudonym was used based on the witnesses\u2019 willing.<\/p>\n<p style=\"text-align: justify;\"><a href=\"#_ftnref23\" name=\"_ftn23\">[23]<\/a> A <a href=\"https:\/\/fb.watch\/ewSJ9ErJ1T\/\">video<\/a> circulated on 22 April 2022 shows Turkish tanks and armored vehicles enter Ras al-Ayn\/Ser\u00ea Kaniy\u00ea to disengage the ongoing internal clashing between the warring factions affiliated to the SNA. (Last accessed 27 July 2022).<\/p>\n<p style=\"text-align: justify;\"><a href=\"#_ftnref24\" name=\"_ftn24\">[24]<\/a> The Facebook account has got a blue tick and it was verified that it is really the official account of Abdullah Erin, former governor of Turkey\u2019s \u015eanl\u0131urfa city.<\/p>\n<p style=\"text-align: justify;\"><a href=\"#_ftnref25\" name=\"_ftn25\">[25]<\/a> The Turkish governor posted photo of the visit at 2:27 am on 23 April 2022. From the photo, it is clear that he crossed the border point in the evening of 22 April 2022.<\/p>\n<p style=\"text-align: justify;\"><a href=\"#_ftnref26\" name=\"_ftn26\">[26]<\/a> The interview was conducted virtually on 19 July 2022. The identity of the witness is withheld upon his request.<\/p>\n<p style=\"text-align: justify;\"><a href=\"#_ftnref27\" name=\"_ftn27\">[27]<\/a>The interview was conducted on 6 June 2022. Information about the eyewitness is withheld upon his request.<\/p>\n<p style=\"text-align: justify;\"><a href=\"#_ftnref28\" name=\"_ftn28\">[28]<\/a> The interview was conducted via a phone call on 30 May 2022. Identity of the witness is not revealed for his safety.<\/p>\n<p style=\"text-align: justify;\"><a href=\"#_ftnref29\" name=\"_ftn29\">[29]<\/a> Many local websites published them on social media. \u201cHevdesti-Synergy\u201d keeps a copy in its online database.<\/p>\n","protected":false},"excerpt":{"rendered":"<p>Executive Summary: During 2022, Hevdesti-Synergy Association for Victims documented 33 intra-factional clashes\/internal fighting, between factions of the opposition Syrian National Army (SNA) in the two regions of Ras al-Ayn\/Ser\u00ea Kaniy\u00ea&hellip;<\/p>\n","protected":false},"author":3,"featured_media":2931,"comment_status":"open","ping_status":"open","sticky":false,"template":"","format":"link","meta":{"_lmt_disableupdate":"","_lmt_disable":"","footnotes":""},"categories":[3],"tags":[47,89,40,90,68,91,51,48],"class_list":["post-2952","post","type-post","status-publish","format-link","has-post-thumbnail","hentry","category-thematic-reports","tag-operation-peace-spring","tag-ras-al-ayn","tag-rights-of-victims","tag-sere-kaniye","tag-syria","tag-syrian-national-army","tag-tell-abiad","tag-turkey","post_format-post-format-link"],"yoast_head":"<!-- This site is optimized with the Yoast SEO plugin v27.0 - https:\/\/yoast.com\/product\/yoast-seo-wordpress\/ -->\n<title>\u201cPeace Spring\u201d Strip Not as Safe as Turkey Publicizes - Hevdesti<\/title>\n<meta name=\"robots\" content=\"index, follow, max-snippet:-1, max-image-preview:large, max-video-preview:-1\" \/>\n<link rel=\"canonical\" href=\"https:\/\/hevdesti.org\/en\/peace-spring-strip-not-as-safe-as-turkey-publicizes\/\" \/>\n<meta property=\"og:locale\" content=\"en_US\" \/>\n<meta property=\"og:type\" content=\"article\" \/>\n<meta property=\"og:title\" content=\"\u201cPeace Spring\u201d Strip Not as Safe as Turkey Publicizes - Hevdesti\" \/>\n<meta property=\"og:description\" content=\"Executive Summary: During 2022, Hevdesti-Synergy Association for Victims documented 33 intra-factional clashes\/internal fighting, between factions of the opposition Syrian National Army (SNA) in the two regions of Ras al-Ayn\/Ser\u00ea Kaniy\u00ea&hellip;\" \/>\n<meta property=\"og:url\" content=\"https:\/\/hevdesti.org\/en\/peace-spring-strip-not-as-safe-as-turkey-publicizes\/\" \/>\n<meta property=\"og:site_name\" content=\"Hevdesti\" \/>\n<meta property=\"article:publisher\" content=\"https:\/\/www.facebook.com\/HevdestiSynergy\" \/>\n<meta property=\"article:published_time\" content=\"2023-02-26T22:10:58+00:00\" \/>\n<meta property=\"article:modified_time\" content=\"2023-02-26T22:27:13+00:00\" \/>\n<meta property=\"og:image\" content=\"https:\/\/hevdesti.org\/wp-content\/uploads\/2023\/02\/cover.jpg\" \/>\n\t<meta property=\"og:image:width\" content=\"1200\" \/>\n\t<meta property=\"og:image:height\" content=\"731\" \/>\n\t<meta property=\"og:image:type\" content=\"image\/jpeg\" \/>\n<meta name=\"author\" content=\"editor\" \/>\n<meta name=\"twitter:card\" content=\"summary_large_image\" \/>\n<meta name=\"twitter:creator\" content=\"@HevdestiSynergy\" \/>\n<meta name=\"twitter:site\" content=\"@HevdestiSynergy\" \/>\n<meta name=\"twitter:label1\" content=\"Written by\" \/>\n\t<meta name=\"twitter:data1\" content=\"editor\" \/>\n\t<meta name=\"twitter:label2\" content=\"Est. reading time\" \/>\n\t<meta name=\"twitter:data2\" content=\"35 minutes\" \/>\n<script type=\"application\/ld+json\" class=\"yoast-schema-graph\">{\"@context\":\"https:\/\/schema.org\",\"@graph\":[{\"@type\":\"Article\",\"@id\":\"https:\/\/hevdesti.org\/en\/peace-spring-strip-not-as-safe-as-turkey-publicizes\/#article\",\"isPartOf\":{\"@id\":\"https:\/\/hevdesti.org\/en\/peace-spring-strip-not-as-safe-as-turkey-publicizes\/\"},\"author\":{\"name\":\"editor\",\"@id\":\"https:\/\/hevdesti.org\/en\/#\/schema\/person\/9cbcb77ecdaf428d5e7b6373fad46a58\"},\"headline\":\"\u201cPeace Spring\u201d Strip Not as Safe as Turkey Publicizes\",\"datePublished\":\"2023-02-26T22:10:58+00:00\",\"dateModified\":\"2023-02-26T22:27:13+00:00\",\"mainEntityOfPage\":{\"@id\":\"https:\/\/hevdesti.org\/en\/peace-spring-strip-not-as-safe-as-turkey-publicizes\/\"},\"wordCount\":7276,\"commentCount\":0,\"publisher\":{\"@id\":\"https:\/\/hevdesti.org\/en\/#organization\"},\"image\":{\"@id\":\"https:\/\/hevdesti.org\/en\/peace-spring-strip-not-as-safe-as-turkey-publicizes\/#primaryimage\"},\"thumbnailUrl\":\"https:\/\/hevdesti.org\/wp-content\/uploads\/2023\/02\/cover.jpg\",\"keywords\":[\"\u2018OPERATION PEACE SPRING\u2019\",\"Ras al-Ayn\",\"Rights of Victims\",\"Ser\u00ea Kaniy\u00ea\",\"Syria\",\"Syrian National Army\",\"Tell Abiad\",\"Turkey\"],\"articleSection\":[\"Thematic Reports\"],\"inLanguage\":\"en-US\",\"potentialAction\":[{\"@type\":\"CommentAction\",\"name\":\"Comment\",\"target\":[\"https:\/\/hevdesti.org\/en\/peace-spring-strip-not-as-safe-as-turkey-publicizes\/#respond\"]}]},{\"@type\":\"WebPage\",\"@id\":\"https:\/\/hevdesti.org\/en\/peace-spring-strip-not-as-safe-as-turkey-publicizes\/\",\"url\":\"https:\/\/hevdesti.org\/en\/peace-spring-strip-not-as-safe-as-turkey-publicizes\/\",\"name\":\"\u201cPeace Spring\u201d Strip Not as Safe as Turkey Publicizes - Hevdesti\",\"isPartOf\":{\"@id\":\"https:\/\/hevdesti.org\/en\/#website\"},\"primaryImageOfPage\":{\"@id\":\"https:\/\/hevdesti.org\/en\/peace-spring-strip-not-as-safe-as-turkey-publicizes\/#primaryimage\"},\"image\":{\"@id\":\"https:\/\/hevdesti.org\/en\/peace-spring-strip-not-as-safe-as-turkey-publicizes\/#primaryimage\"},\"thumbnailUrl\":\"https:\/\/hevdesti.org\/wp-content\/uploads\/2023\/02\/cover.jpg\",\"datePublished\":\"2023-02-26T22:10:58+00:00\",\"dateModified\":\"2023-02-26T22:27:13+00:00\",\"breadcrumb\":{\"@id\":\"https:\/\/hevdesti.org\/en\/peace-spring-strip-not-as-safe-as-turkey-publicizes\/#breadcrumb\"},\"inLanguage\":\"en-US\",\"potentialAction\":[{\"@type\":\"ReadAction\",\"target\":[\"https:\/\/hevdesti.org\/en\/peace-spring-strip-not-as-safe-as-turkey-publicizes\/\"]}]},{\"@type\":\"ImageObject\",\"inLanguage\":\"en-US\",\"@id\":\"https:\/\/hevdesti.org\/en\/peace-spring-strip-not-as-safe-as-turkey-publicizes\/#primaryimage\",\"url\":\"https:\/\/hevdesti.org\/wp-content\/uploads\/2023\/02\/cover.jpg\",\"contentUrl\":\"https:\/\/hevdesti.org\/wp-content\/uploads\/2023\/02\/cover.jpg\",\"width\":1200,\"height\":731,\"caption\":\"Fighter of the opppsition Syrian National Army (SNA) in Tall Abyad city during Peace Spring Operation in October 2019. Photo credit: Daily Sabah\"},{\"@type\":\"BreadcrumbList\",\"@id\":\"https:\/\/hevdesti.org\/en\/peace-spring-strip-not-as-safe-as-turkey-publicizes\/#breadcrumb\",\"itemListElement\":[{\"@type\":\"ListItem\",\"position\":1,\"name\":\"Home\",\"item\":\"https:\/\/hevdesti.org\/en\/\"},{\"@type\":\"ListItem\",\"position\":2,\"name\":\"\u201cPeace Spring\u201d Strip Not as Safe as Turkey Publicizes\"}]},{\"@type\":\"WebSite\",\"@id\":\"https:\/\/hevdesti.org\/en\/#website\",\"url\":\"https:\/\/hevdesti.org\/en\/\",\"name\":\"Hevdesti\",\"description\":\"\",\"publisher\":{\"@id\":\"https:\/\/hevdesti.org\/en\/#organization\"},\"potentialAction\":[{\"@type\":\"SearchAction\",\"target\":{\"@type\":\"EntryPoint\",\"urlTemplate\":\"https:\/\/hevdesti.org\/en\/?s={search_term_string}\"},\"query-input\":{\"@type\":\"PropertyValueSpecification\",\"valueRequired\":true,\"valueName\":\"search_term_string\"}}],\"inLanguage\":\"en-US\"},{\"@type\":\"Organization\",\"@id\":\"https:\/\/hevdesti.org\/en\/#organization\",\"name\":\"Hevdesti\",\"url\":\"https:\/\/hevdesti.org\/en\/\",\"logo\":{\"@type\":\"ImageObject\",\"inLanguage\":\"en-US\",\"@id\":\"https:\/\/hevdesti.org\/en\/#\/schema\/logo\/image\/\",\"url\":\"https:\/\/hevdesti.org\/wp-content\/uploads\/2020\/09\/Logo@2x-1.png\",\"contentUrl\":\"https:\/\/hevdesti.org\/wp-content\/uploads\/2020\/09\/Logo@2x-1.png\",\"width\":641,\"height\":146,\"caption\":\"Hevdesti\"},\"image\":{\"@id\":\"https:\/\/hevdesti.org\/en\/#\/schema\/logo\/image\/\"},\"sameAs\":[\"https:\/\/www.facebook.com\/HevdestiSynergy\",\"https:\/\/x.com\/HevdestiSynergy\"]},{\"@type\":\"Person\",\"@id\":\"https:\/\/hevdesti.org\/en\/#\/schema\/person\/9cbcb77ecdaf428d5e7b6373fad46a58\",\"name\":\"editor\",\"image\":{\"@type\":\"ImageObject\",\"inLanguage\":\"en-US\",\"@id\":\"https:\/\/hevdesti.org\/en\/#\/schema\/person\/image\/\",\"url\":\"https:\/\/secure.gravatar.com\/avatar\/1aeee99cd34663cae27d2b8326e59ae9390964112a86514f631eb3e5b17944a7?s=96&d=mm&r=g\",\"contentUrl\":\"https:\/\/secure.gravatar.com\/avatar\/1aeee99cd34663cae27d2b8326e59ae9390964112a86514f631eb3e5b17944a7?s=96&d=mm&r=g\",\"caption\":\"editor\"}}]}<\/script>\n<!-- \/ Yoast SEO plugin. -->","yoast_head_json":{"title":"\u201cPeace Spring\u201d Strip Not as Safe as Turkey Publicizes - Hevdesti","robots":{"index":"index","follow":"follow","max-snippet":"max-snippet:-1","max-image-preview":"max-image-preview:large","max-video-preview":"max-video-preview:-1"},"canonical":"https:\/\/hevdesti.org\/en\/peace-spring-strip-not-as-safe-as-turkey-publicizes\/","og_locale":"en_US","og_type":"article","og_title":"\u201cPeace Spring\u201d Strip Not as Safe as Turkey Publicizes - Hevdesti","og_description":"Executive Summary: During 2022, Hevdesti-Synergy Association for Victims documented 33 intra-factional clashes\/internal fighting, between factions of the opposition Syrian National Army (SNA) in the two regions of Ras al-Ayn\/Ser\u00ea Kaniy\u00ea&hellip;","og_url":"https:\/\/hevdesti.org\/en\/peace-spring-strip-not-as-safe-as-turkey-publicizes\/","og_site_name":"Hevdesti","article_publisher":"https:\/\/www.facebook.com\/HevdestiSynergy","article_published_time":"2023-02-26T22:10:58+00:00","article_modified_time":"2023-02-26T22:27:13+00:00","og_image":[{"width":1200,"height":731,"url":"https:\/\/hevdesti.org\/wp-content\/uploads\/2023\/02\/cover.jpg","type":"image\/jpeg"}],"author":"editor","twitter_card":"summary_large_image","twitter_creator":"@HevdestiSynergy","twitter_site":"@HevdestiSynergy","twitter_misc":{"Written by":"editor","Est. reading time":"35 minutes"},"schema":{"@context":"https:\/\/schema.org","@graph":[{"@type":"Article","@id":"https:\/\/hevdesti.org\/en\/peace-spring-strip-not-as-safe-as-turkey-publicizes\/#article","isPartOf":{"@id":"https:\/\/hevdesti.org\/en\/peace-spring-strip-not-as-safe-as-turkey-publicizes\/"},"author":{"name":"editor","@id":"https:\/\/hevdesti.org\/en\/#\/schema\/person\/9cbcb77ecdaf428d5e7b6373fad46a58"},"headline":"\u201cPeace Spring\u201d Strip Not as Safe as Turkey Publicizes","datePublished":"2023-02-26T22:10:58+00:00","dateModified":"2023-02-26T22:27:13+00:00","mainEntityOfPage":{"@id":"https:\/\/hevdesti.org\/en\/peace-spring-strip-not-as-safe-as-turkey-publicizes\/"},"wordCount":7276,"commentCount":0,"publisher":{"@id":"https:\/\/hevdesti.org\/en\/#organization"},"image":{"@id":"https:\/\/hevdesti.org\/en\/peace-spring-strip-not-as-safe-as-turkey-publicizes\/#primaryimage"},"thumbnailUrl":"https:\/\/hevdesti.org\/wp-content\/uploads\/2023\/02\/cover.jpg","keywords":["\u2018OPERATION PEACE SPRING\u2019","Ras al-Ayn","Rights of Victims","Ser\u00ea Kaniy\u00ea","Syria","Syrian National Army","Tell Abiad","Turkey"],"articleSection":["Thematic Reports"],"inLanguage":"en-US","potentialAction":[{"@type":"CommentAction","name":"Comment","target":["https:\/\/hevdesti.org\/en\/peace-spring-strip-not-as-safe-as-turkey-publicizes\/#respond"]}]},{"@type":"WebPage","@id":"https:\/\/hevdesti.org\/en\/peace-spring-strip-not-as-safe-as-turkey-publicizes\/","url":"https:\/\/hevdesti.org\/en\/peace-spring-strip-not-as-safe-as-turkey-publicizes\/","name":"\u201cPeace Spring\u201d Strip Not as Safe as Turkey Publicizes - Hevdesti","isPartOf":{"@id":"https:\/\/hevdesti.org\/en\/#website"},"primaryImageOfPage":{"@id":"https:\/\/hevdesti.org\/en\/peace-spring-strip-not-as-safe-as-turkey-publicizes\/#primaryimage"},"image":{"@id":"https:\/\/hevdesti.org\/en\/peace-spring-strip-not-as-safe-as-turkey-publicizes\/#primaryimage"},"thumbnailUrl":"https:\/\/hevdesti.org\/wp-content\/uploads\/2023\/02\/cover.jpg","datePublished":"2023-02-26T22:10:58+00:00","dateModified":"2023-02-26T22:27:13+00:00","breadcrumb":{"@id":"https:\/\/hevdesti.org\/en\/peace-spring-strip-not-as-safe-as-turkey-publicizes\/#breadcrumb"},"inLanguage":"en-US","potentialAction":[{"@type":"ReadAction","target":["https:\/\/hevdesti.org\/en\/peace-spring-strip-not-as-safe-as-turkey-publicizes\/"]}]},{"@type":"ImageObject","inLanguage":"en-US","@id":"https:\/\/hevdesti.org\/en\/peace-spring-strip-not-as-safe-as-turkey-publicizes\/#primaryimage","url":"https:\/\/hevdesti.org\/wp-content\/uploads\/2023\/02\/cover.jpg","contentUrl":"https:\/\/hevdesti.org\/wp-content\/uploads\/2023\/02\/cover.jpg","width":1200,"height":731,"caption":"Fighter of the opppsition Syrian National Army (SNA) in Tall Abyad city during Peace Spring Operation in October 2019. Photo credit: Daily Sabah"},{"@type":"BreadcrumbList","@id":"https:\/\/hevdesti.org\/en\/peace-spring-strip-not-as-safe-as-turkey-publicizes\/#breadcrumb","itemListElement":[{"@type":"ListItem","position":1,"name":"Home","item":"https:\/\/hevdesti.org\/en\/"},{"@type":"ListItem","position":2,"name":"\u201cPeace Spring\u201d Strip Not as Safe as Turkey Publicizes"}]},{"@type":"WebSite","@id":"https:\/\/hevdesti.org\/en\/#website","url":"https:\/\/hevdesti.org\/en\/","name":"Hevdesti","description":"","publisher":{"@id":"https:\/\/hevdesti.org\/en\/#organization"},"potentialAction":[{"@type":"SearchAction","target":{"@type":"EntryPoint","urlTemplate":"https:\/\/hevdesti.org\/en\/?s={search_term_string}"},"query-input":{"@type":"PropertyValueSpecification","valueRequired":true,"valueName":"search_term_string"}}],"inLanguage":"en-US"},{"@type":"Organization","@id":"https:\/\/hevdesti.org\/en\/#organization","name":"Hevdesti","url":"https:\/\/hevdesti.org\/en\/","logo":{"@type":"ImageObject","inLanguage":"en-US","@id":"https:\/\/hevdesti.org\/en\/#\/schema\/logo\/image\/","url":"https:\/\/hevdesti.org\/wp-content\/uploads\/2020\/09\/Logo@2x-1.png","contentUrl":"https:\/\/hevdesti.org\/wp-content\/uploads\/2020\/09\/Logo@2x-1.png","width":641,"height":146,"caption":"Hevdesti"},"image":{"@id":"https:\/\/hevdesti.org\/en\/#\/schema\/logo\/image\/"},"sameAs":["https:\/\/www.facebook.com\/HevdestiSynergy","https:\/\/x.com\/HevdestiSynergy"]},{"@type":"Person","@id":"https:\/\/hevdesti.org\/en\/#\/schema\/person\/9cbcb77ecdaf428d5e7b6373fad46a58","name":"editor","image":{"@type":"ImageObject","inLanguage":"en-US","@id":"https:\/\/hevdesti.org\/en\/#\/schema\/person\/image\/","url":"https:\/\/secure.gravatar.com\/avatar\/1aeee99cd34663cae27d2b8326e59ae9390964112a86514f631eb3e5b17944a7?s=96&d=mm&r=g","contentUrl":"https:\/\/secure.gravatar.com\/avatar\/1aeee99cd34663cae27d2b8326e59ae9390964112a86514f631eb3e5b17944a7?s=96&d=mm&r=g","caption":"editor"}}]}},"_links":{"self":[{"href":"https:\/\/hevdesti.org\/en\/wp-json\/wp\/v2\/posts\/2952","targetHints":{"allow":["GET"]}}],"collection":[{"href":"https:\/\/hevdesti.org\/en\/wp-json\/wp\/v2\/posts"}],"about":[{"href":"https:\/\/hevdesti.org\/en\/wp-json\/wp\/v2\/types\/post"}],"author":[{"embeddable":true,"href":"https:\/\/hevdesti.org\/en\/wp-json\/wp\/v2\/users\/3"}],"replies":[{"embeddable":true,"href":"https:\/\/hevdesti.org\/en\/wp-json\/wp\/v2\/comments?post=2952"}],"version-history":[{"count":6,"href":"https:\/\/hevdesti.org\/en\/wp-json\/wp\/v2\/posts\/2952\/revisions"}],"predecessor-version":[{"id":2962,"href":"https:\/\/hevdesti.org\/en\/wp-json\/wp\/v2\/posts\/2952\/revisions\/2962"}],"wp:featuredmedia":[{"embeddable":true,"href":"https:\/\/hevdesti.org\/en\/wp-json\/wp\/v2\/media\/2931"}],"wp:attachment":[{"href":"https:\/\/hevdesti.org\/en\/wp-json\/wp\/v2\/media?parent=2952"}],"wp:term":[{"taxonomy":"category","embeddable":true,"href":"https:\/\/hevdesti.org\/en\/wp-json\/wp\/v2\/categories?post=2952"},{"taxonomy":"post_tag","embeddable":true,"href":"https:\/\/hevdesti.org\/en\/wp-json\/wp\/v2\/tags?post=2952"}],"curies":[{"name":"wp","href":"https:\/\/api.w.org\/{rel}","templated":true}]}}